{"id":67472,"date":"2021-03-05T10:46:12","date_gmt":"2021-03-05T13:46:12","guid":{"rendered":"https:\/\/blogdoedvaldomagalhaes.com.br\/?p=67472"},"modified":"2021-03-05T10:47:21","modified_gmt":"2021-03-05T13:47:21","slug":"feriado-em-pernambuco-neste-sabado-6-comercio-de-caruaru-so-tera-vendas-delivery","status":"publish","type":"post","link":"https:\/\/blogdoedvaldomagalhaes.com.br\/index.php\/2021\/03\/05\/feriado-em-pernambuco-neste-sabado-6-comercio-de-caruaru-so-tera-vendas-delivery\/","title":{"rendered":"Feriado em Pernambuco neste s\u00e1bado (6) com\u00e9rcio de Caruaru s\u00f3 ter\u00e1 vendas delivery"},"content":{"rendered":"<p style=\"text-align: justify;\">O Sindicato dos Lojistas do Com\u00e9rcio de Caruaru&nbsp;(Sindloja) est\u00e1 orientando as empresas que poder\u00e3o trabalhar com vendas atrav\u00e9s de delivery, seguindo o decreto estadual. O funcionamento poder\u00e1 ser com equipe interna e entrega na casa do cliente.<\/p>\n<p style=\"text-align: justify;\">Considerando especificamente este s\u00e1bado (06), feriado da Data Magna de Pernambuco, as empresas precisam comunicar aos sindicatos atrav\u00e9s do e-sind, plataforma digital do Sindloja.<\/p>\n<p style=\"text-align: justify;\">Ficou acordado entre os sindicatos ampliar para at\u00e9 esta sexta-feira (05) o comunicado para atividade laboral no s\u00e1bado, salientando que as regras da Conven\u00e7\u00e3o Coletiva de Trabalho (CCT) 2021 ter\u00e3o que ser cumpridas.<\/p>\n<p style=\"text-align: justify;\">O Sindloja alerta que n\u00e3o est\u00e1 autorizada a retirada dos produtos pelos clientes nas lojas, os produtos dever\u00e3o ser entregues nas resid\u00eancias dos clientes.<\/p>\n","protected":false},"excerpt":{"rendered":"<p>O Sindicato dos Lojistas do Com\u00e9rcio de Caruaru&nbsp;(Sindloja) est\u00e1 orientando as empresas que poder\u00e3o trabalhar com vendas atrav\u00e9s de delivery,&hellip;<\/p>\n","protected":false},"author":1,"featured_media":67473,"comment_status":"open","ping_status":"open","sticky":false,"template":"","format":"standard","meta":{"footnotes":""},"categories":[14120],"tags":[2,19532,20992,1950],"class_list":["post-67472","post","type-post","status-publish","format-standard","has-post-thumbnail","hentry","category-noticias","tag-blog-do-edvaldo-magalhaes","tag-blog-mais-acessado-e-visualizado-de-caruaru-e-regiao","tag-feriado-em-pernambuco-neste-sabado-6-comercio-de-caruaru-so-tera-vendas-delivery","tag-noticias-de-caruaru"],"_links":{"self":[{"href":"https:\/\/blogdoedvaldomagalhaes.com.br\/index.php\/wp-json\/wp\/v2\/posts\/67472","targetHints":{"allow":["GET"]}}],"collection":[{"href":"https:\/\/blogdoedvaldomagalhaes.com.br\/index.php\/wp-json\/wp\/v2\/posts"}],"about":[{"href":"https:\/\/blogdoedvaldomagalhaes.com.br\/index.php\/wp-json\/wp\/v2\/types\/post"}],"author":[{"embeddable":true,"href":"https:\/\/blogdoedvaldomagalhaes.com.br\/index.php\/wp-json\/wp\/v2\/users\/1"}],"replies":[{"embeddable":true,"href":"https:\/\/blogdoedvaldomagalhaes.com.br\/index.php\/wp-json\/wp\/v2\/comments?post=67472"}],"version-history":[{"count":2,"href":"https:\/\/blogdoedvaldomagalhaes.com.br\/index.php\/wp-json\/wp\/v2\/posts\/67472\/revisions"}],"predecessor-version":[{"id":67475,"href":"https:\/\/blogdoedvaldomagalhaes.com.br\/index.php\/wp-json\/wp\/v2\/posts\/67472\/revisions\/67475"}],"wp:featuredmedia":[{"embeddable":true,"href":"https:\/\/blogdoedvaldomagalhaes.com.br\/index.php\/wp-json\/wp\/v2\/media\/67473"}],"wp:attachment":[{"href":"https:\/\/blogdoedvaldomagalhaes.com.br\/index.php\/wp-json\/wp\/v2\/media?parent=67472"}],"wp:term":[{"taxonomy":"category","embeddable":true,"href":"https:\/\/blogdoedvaldomagalhaes.com.br\/index.php\/wp-json\/wp\/v2\/categories?post=67472"},{"taxonomy":"post_tag","embeddable":true,"href":"https:\/\/blogdoedvaldomagalhaes.com.br\/index.php\/wp-json\/wp\/v2\/tags?post=67472"}],"curies":[{"name":"wp","href":"https:\/\/api.w.org\/{rel}","templated":true}]}}