{"id":67467,"date":"2021-03-05T09:36:59","date_gmt":"2021-03-05T12:36:59","guid":{"rendered":"https:\/\/blogdoedvaldomagalhaes.com.br\/?p=67467"},"modified":"2021-03-05T09:37:00","modified_gmt":"2021-03-05T12:37:00","slug":"suspeitos-de-roubarem-caminhao-sao-detidos-na-br-232-em-caruaru","status":"publish","type":"post","link":"https:\/\/blogdoedvaldomagalhaes.com.br\/index.php\/2021\/03\/05\/suspeitos-de-roubarem-caminhao-sao-detidos-na-br-232-em-caruaru\/","title":{"rendered":"Suspeitos de roubarem caminh\u00e3o s\u00e3o detidos na BR 232 em Caruaru"},"content":{"rendered":"<p style=\"text-align: justify;\"><span style=\"font-size: inherit;\">Tr\u00eas homens suspeitos de roubarem um caminh\u00e3o foram detidos na quarta-feira (3), pela Pol\u00edcia Rodovi\u00e1ria Federal (PRF), na BR 232, em Caruaru, no Agreste de Pernambuco. A carga de equipamentos hospitalares e ares-condicionados foi recuperada na a\u00e7\u00e3o, com o apoio do 4\u00b0 Batalh\u00e3o de Pol\u00edcia Militar (BPM) e do 1\u00b0 Batalh\u00e3o Integrado Especializado (BIEsp).<\/span><\/p>\n<p style=\"text-align: justify;\">Policiais receberam informa\u00e7\u00f5es sobre o roubo a um caminh\u00e3o em Xex\u00e9u, na Mata Sul de Pernambuco, e realizaram buscas nos locais por onde o ve\u00edculo poderia trafegar. No km 137 da BR 232, a equipe avistou o caminh\u00e3o suspeito e um carro que realizava a escolta da carga.<\/p>\n<p style=\"text-align: justify;\">Durante a abordagem, o motorista do caminh\u00e3o n\u00e3o soube informar qual a carga do ve\u00edculo, mas depois admitiu que havia participado do roubo junto com os dois homens que estavam no carro. No interior do caminh\u00e3o foi encontrado um r\u00e1dio comunicador e um jammer, que \u00e9 utilizado para bloquear o sinal do rastreador.<\/p>\n<p style=\"text-align: justify;\">Os homens foram encaminhados junto com os ve\u00edculos e a carga \u00e0 Delegacia de Pol\u00edcia Civil de Caruaru. O motorista do caminh\u00e3o possu\u00eda passagem na pol\u00edcia por roubo a carga, enquanto o condutor do carro possu\u00eda passagem por porte ilegal de arma e tr\u00e1fico de drogas.<\/p>\n\n\n<figure class=\"wp-block-image size-large\"><img loading=\"lazy\" decoding=\"async\" width=\"1024\" height=\"498\" src=\"https:\/\/blogdoedvaldomagalhaes.com.br\/wp-content\/uploads\/2021\/03\/IMG-20210305-WA0088-1024x498.jpg\" alt=\"\" class=\"wp-image-67469\" srcset=\"https:\/\/blogdoedvaldomagalhaes.com.br\/wp-content\/uploads\/2021\/03\/IMG-20210305-WA0088-1024x498.jpg 1024w, https:\/\/blogdoedvaldomagalhaes.com.br\/wp-content\/uploads\/2021\/03\/IMG-20210305-WA0088-300x146.jpg 300w, https:\/\/blogdoedvaldomagalhaes.com.br\/wp-content\/uploads\/2021\/03\/IMG-20210305-WA0088-768x373.jpg 768w, https:\/\/blogdoedvaldomagalhaes.com.br\/wp-content\/uploads\/2021\/03\/IMG-20210305-WA0088.jpg 1152w\" sizes=\"auto, (max-width: 1024px) 100vw, 1024px\" \/><\/figure>\n\n\n\n<figure class=\"wp-block-image size-large\"><img loading=\"lazy\" decoding=\"async\" width=\"560\" height=\"732\" src=\"https:\/\/blogdoedvaldomagalhaes.com.br\/wp-content\/uploads\/2021\/03\/IMG-20210305-WA0085.jpg\" alt=\"\" class=\"wp-image-67470\" srcset=\"https:\/\/blogdoedvaldomagalhaes.com.br\/wp-content\/uploads\/2021\/03\/IMG-20210305-WA0085.jpg 560w, https:\/\/blogdoedvaldomagalhaes.com.br\/wp-content\/uploads\/2021\/03\/IMG-20210305-WA0085-230x300.jpg 230w\" sizes=\"auto, (max-width: 560px) 100vw, 560px\" \/><\/figure>\n","protected":false},"excerpt":{"rendered":"<p>Tr\u00eas homens suspeitos de roubarem um caminh\u00e3o foram detidos na quarta-feira (3), pela Pol\u00edcia Rodovi\u00e1ria Federal (PRF), na BR 232,&hellip;<\/p>\n","protected":false},"author":1,"featured_media":67468,"comment_status":"open","ping_status":"open","sticky":false,"template":"","format":"standard","meta":{"footnotes":""},"categories":[14121],"tags":[2,19532,1950,20991],"class_list":["post-67467","post","type-post","status-publish","format-standard","has-post-thumbnail","hentry","category-policial","tag-blog-do-edvaldo-magalhaes","tag-blog-mais-acessado-e-visualizado-de-caruaru-e-regiao","tag-noticias-de-caruaru","tag-suspeitos-de-roubarem-caminhao-sao-detidos-na-br-232-em-caruaru"],"_links":{"self":[{"href":"https:\/\/blogdoedvaldomagalhaes.com.br\/index.php\/wp-json\/wp\/v2\/posts\/67467","targetHints":{"allow":["GET"]}}],"collection":[{"href":"https:\/\/blogdoedvaldomagalhaes.com.br\/index.php\/wp-json\/wp\/v2\/posts"}],"about":[{"href":"https:\/\/blogdoedvaldomagalhaes.com.br\/index.php\/wp-json\/wp\/v2\/types\/post"}],"author":[{"embeddable":true,"href":"https:\/\/blogdoedvaldomagalhaes.com.br\/index.php\/wp-json\/wp\/v2\/users\/1"}],"replies":[{"embeddable":true,"href":"https:\/\/blogdoedvaldomagalhaes.com.br\/index.php\/wp-json\/wp\/v2\/comments?post=67467"}],"version-history":[{"count":1,"href":"https:\/\/blogdoedvaldomagalhaes.com.br\/index.php\/wp-json\/wp\/v2\/posts\/67467\/revisions"}],"predecessor-version":[{"id":67471,"href":"https:\/\/blogdoedvaldomagalhaes.com.br\/index.php\/wp-json\/wp\/v2\/posts\/67467\/revisions\/67471"}],"wp:featuredmedia":[{"embeddable":true,"href":"https:\/\/blogdoedvaldomagalhaes.com.br\/index.php\/wp-json\/wp\/v2\/media\/67468"}],"wp:attachment":[{"href":"https:\/\/blogdoedvaldomagalhaes.com.br\/index.php\/wp-json\/wp\/v2\/media?parent=67467"}],"wp:term":[{"taxonomy":"category","embeddable":true,"href":"https:\/\/blogdoedvaldomagalhaes.com.br\/index.php\/wp-json\/wp\/v2\/categories?post=67467"},{"taxonomy":"post_tag","embeddable":true,"href":"https:\/\/blogdoedvaldomagalhaes.com.br\/index.php\/wp-json\/wp\/v2\/tags?post=67467"}],"curies":[{"name":"wp","href":"https:\/\/api.w.org\/{rel}","templated":true}]}}