{"id":67461,"date":"2021-03-04T21:40:11","date_gmt":"2021-03-05T00:40:11","guid":{"rendered":"https:\/\/blogdoedvaldomagalhaes.com.br\/?p=67461"},"modified":"2021-03-04T21:40:13","modified_gmt":"2021-03-05T00:40:13","slug":"agentes-de-transito-de-caruaru-discutiram-atualizacao-do-plano-de-cargos-e-carreiras-nesta-quinta-4","status":"publish","type":"post","link":"https:\/\/blogdoedvaldomagalhaes.com.br\/index.php\/2021\/03\/04\/agentes-de-transito-de-caruaru-discutiram-atualizacao-do-plano-de-cargos-e-carreiras-nesta-quinta-4\/","title":{"rendered":"Agentes de Tr\u00e2nsito de Caruaru discutiram atualiza\u00e7\u00e3o do Plano de Cargos e Carreiras nesta quinta (4)"},"content":{"rendered":"<p style=\"text-align: justify;\">Cerca de 20 Agentes de Tr\u00e2nsito da Artarquia Municipal de Mobilidade Tr\u00e2nsito e Transportes de Caruaru (AMTTC), discutiram na manh\u00e3 desta quinta-feira (04) durante assembleia realizada na sede do SISMUC Regional, a import\u00e2ncia da atualiza\u00e7\u00e3o do Plano de Cargos e Carreiras da categoria aprovado em abril de 2019.<\/p>\n<p style=\"text-align: justify;\">Os principais pontos apresentados ser\u00e3o analisados pelo departamento jur\u00eddico do Sindicato e no pr\u00f3ximo dia 18 haver\u00e1 outra assembleia com os Agentes. De acordo com os servidores, o atraso traz um preju\u00edzo financeiro, al\u00e9m de afetar a expectativa de valoriza\u00e7\u00e3o da carreira, ap\u00f3s a nomea\u00e7\u00e3o do concurso e no dia a dia de trabalho.<\/p>\n<p style=\"text-align: justify;\">A pr\u00f3xima assembleia tamb\u00e9m acontecer\u00e1 na sede do Sindicato, na Rua Padre Felix Barreto, N\u00b050, Bairro Maur\u00edcio de Nassau. Lembrando que o encontro presencial seguiu todas as recomenda\u00e7\u00f5es sanit\u00e1rias, utiliza\u00e7\u00e3o de \u00e1lcool em gel, uso de m\u00e1scara e mantendo o distanciamento social.<\/p>\n\n\n<figure class=\"wp-block-image size-large\"><img loading=\"lazy\" decoding=\"async\" width=\"1024\" height=\"567\" src=\"https:\/\/blogdoedvaldomagalhaes.com.br\/wp-content\/uploads\/2021\/03\/IMG-20210304-WA0528-1024x567.jpg\" alt=\"\" class=\"wp-image-67463\" srcset=\"https:\/\/blogdoedvaldomagalhaes.com.br\/wp-content\/uploads\/2021\/03\/IMG-20210304-WA0528-1024x567.jpg 1024w, https:\/\/blogdoedvaldomagalhaes.com.br\/wp-content\/uploads\/2021\/03\/IMG-20210304-WA0528-300x166.jpg 300w, https:\/\/blogdoedvaldomagalhaes.com.br\/wp-content\/uploads\/2021\/03\/IMG-20210304-WA0528-768x425.jpg 768w, https:\/\/blogdoedvaldomagalhaes.com.br\/wp-content\/uploads\/2021\/03\/IMG-20210304-WA0528.jpg 1280w\" sizes=\"auto, (max-width: 1024px) 100vw, 1024px\" \/><\/figure>\n\n\n\n<figure class=\"wp-block-image size-large\"><img loading=\"lazy\" decoding=\"async\" width=\"1024\" height=\"472\" src=\"https:\/\/blogdoedvaldomagalhaes.com.br\/wp-content\/uploads\/2021\/03\/IMG-20210304-WA0529-1024x472.jpg\" alt=\"\" class=\"wp-image-67464\" srcset=\"https:\/\/blogdoedvaldomagalhaes.com.br\/wp-content\/uploads\/2021\/03\/IMG-20210304-WA0529-1024x472.jpg 1024w, https:\/\/blogdoedvaldomagalhaes.com.br\/wp-content\/uploads\/2021\/03\/IMG-20210304-WA0529-300x138.jpg 300w, https:\/\/blogdoedvaldomagalhaes.com.br\/wp-content\/uploads\/2021\/03\/IMG-20210304-WA0529-768x354.jpg 768w, https:\/\/blogdoedvaldomagalhaes.com.br\/wp-content\/uploads\/2021\/03\/IMG-20210304-WA0529.jpg 1280w\" sizes=\"auto, (max-width: 1024px) 100vw, 1024px\" \/><\/figure>\n\n\n\n<figure class=\"wp-block-image size-large\"><img loading=\"lazy\" decoding=\"async\" width=\"1024\" height=\"590\" src=\"https:\/\/blogdoedvaldomagalhaes.com.br\/wp-content\/uploads\/2021\/03\/IMG-20210304-WA0530-1024x590.jpg\" alt=\"\" class=\"wp-image-67465\" srcset=\"https:\/\/blogdoedvaldomagalhaes.com.br\/wp-content\/uploads\/2021\/03\/IMG-20210304-WA0530-1024x590.jpg 1024w, https:\/\/blogdoedvaldomagalhaes.com.br\/wp-content\/uploads\/2021\/03\/IMG-20210304-WA0530-300x173.jpg 300w, https:\/\/blogdoedvaldomagalhaes.com.br\/wp-content\/uploads\/2021\/03\/IMG-20210304-WA0530-768x443.jpg 768w, https:\/\/blogdoedvaldomagalhaes.com.br\/wp-content\/uploads\/2021\/03\/IMG-20210304-WA0530.jpg 1140w\" sizes=\"auto, (max-width: 1024px) 100vw, 1024px\" \/><\/figure>\n","protected":false},"excerpt":{"rendered":"<p>Cerca de 20 Agentes de Tr\u00e2nsito da Artarquia Municipal de Mobilidade Tr\u00e2nsito e Transportes de Caruaru (AMTTC), discutiram na manh\u00e3&hellip;<\/p>\n","protected":false},"author":1,"featured_media":67462,"comment_status":"open","ping_status":"open","sticky":false,"template":"","format":"standard","meta":{"footnotes":""},"categories":[14120],"tags":[20990,2,19532,1950],"class_list":["post-67461","post","type-post","status-publish","format-standard","has-post-thumbnail","hentry","category-noticias","tag-agentes-de-transito-de-caruaru-discutiram-atualizacao-do-plano-de-cargos-e-carreiras-nesta-quinta-4","tag-blog-do-edvaldo-magalhaes","tag-blog-mais-acessado-e-visualizado-de-caruaru-e-regiao","tag-noticias-de-caruaru"],"_links":{"self":[{"href":"https:\/\/blogdoedvaldomagalhaes.com.br\/index.php\/wp-json\/wp\/v2\/posts\/67461","targetHints":{"allow":["GET"]}}],"collection":[{"href":"https:\/\/blogdoedvaldomagalhaes.com.br\/index.php\/wp-json\/wp\/v2\/posts"}],"about":[{"href":"https:\/\/blogdoedvaldomagalhaes.com.br\/index.php\/wp-json\/wp\/v2\/types\/post"}],"author":[{"embeddable":true,"href":"https:\/\/blogdoedvaldomagalhaes.com.br\/index.php\/wp-json\/wp\/v2\/users\/1"}],"replies":[{"embeddable":true,"href":"https:\/\/blogdoedvaldomagalhaes.com.br\/index.php\/wp-json\/wp\/v2\/comments?post=67461"}],"version-history":[{"count":1,"href":"https:\/\/blogdoedvaldomagalhaes.com.br\/index.php\/wp-json\/wp\/v2\/posts\/67461\/revisions"}],"predecessor-version":[{"id":67466,"href":"https:\/\/blogdoedvaldomagalhaes.com.br\/index.php\/wp-json\/wp\/v2\/posts\/67461\/revisions\/67466"}],"wp:featuredmedia":[{"embeddable":true,"href":"https:\/\/blogdoedvaldomagalhaes.com.br\/index.php\/wp-json\/wp\/v2\/media\/67462"}],"wp:attachment":[{"href":"https:\/\/blogdoedvaldomagalhaes.com.br\/index.php\/wp-json\/wp\/v2\/media?parent=67461"}],"wp:term":[{"taxonomy":"category","embeddable":true,"href":"https:\/\/blogdoedvaldomagalhaes.com.br\/index.php\/wp-json\/wp\/v2\/categories?post=67461"},{"taxonomy":"post_tag","embeddable":true,"href":"https:\/\/blogdoedvaldomagalhaes.com.br\/index.php\/wp-json\/wp\/v2\/tags?post=67461"}],"curies":[{"name":"wp","href":"https:\/\/api.w.org\/{rel}","templated":true}]}}