{"id":67457,"date":"2021-03-04T19:27:19","date_gmt":"2021-03-04T22:27:19","guid":{"rendered":"https:\/\/blogdoedvaldomagalhaes.com.br\/?p=67457"},"modified":"2021-03-04T19:34:36","modified_gmt":"2021-03-04T22:34:36","slug":"covid-19-pe-registra-os-piores-indicadores-de-2021-na-ultima-semana-e-agravamento-da-situacao-epidemiologica","status":"publish","type":"post","link":"https:\/\/blogdoedvaldomagalhaes.com.br\/index.php\/2021\/03\/04\/covid-19-pe-registra-os-piores-indicadores-de-2021-na-ultima-semana-e-agravamento-da-situacao-epidemiologica\/","title":{"rendered":"Covid-19: PE registra os piores indicadores de 2021 na \u00faltima semana e agravamento da situa\u00e7\u00e3o epidemiol\u00f3gica"},"content":{"rendered":"<p style=\"text-align: justify;\"><span lang=\"PT\">A Secretaria Estadual de Sa\u00fade (SES-PE) registrou, nesta quinta-feira (04\/03),&nbsp;1.685 casos da Covid-19. Entre os confirmados hoje,&nbsp;82 (5%) s\u00e3o casos de S\u00edndrome Respirat\u00f3ria Aguda Grave&nbsp;(SRAG) e 1.603 (95%) s\u00e3o leves. Agora, Pernambuco totaliza&nbsp;304.732 casos confirmados da doen\u00e7a, sendo 32.722 graves e 272.010 leves,&nbsp;que est\u00e3o distribu\u00eddos por todos os 184 munic\u00edpios pernambucanos, al\u00e9m do arquip\u00e9lago de Fernando de Noronha.<\/span><\/p>\n<p style=\"text-align: justify;\"><span lang=\"PT\">Al\u00e9m disso, o boletim registra um total de 262.506 pacientes recuperados da doen\u00e7a. Destes,&nbsp;19.851 eram pacientes graves, que necessitaram de internamento hospitalar, e 242.655 eram casos leves.<\/span><\/p>\n<p style=\"text-align: justify;\"><span lang=\"PT\">Tamb\u00e9m foram confirmados laboratorialmente 22 novos \u00f3bitos (10 masculinos e 12 femininos),&nbsp;ocorridos entre os dias 05\/01\/2021 e 03\/03\/2021.&nbsp;As novas mortes&nbsp;s\u00e3o&nbsp;de pessoas residentes dos munic\u00edpios de Caruaru (2), Ibarajuba (1), Iguaracy (1), Ipojuca (1), Jaboat\u00e3o dos Guararapes (3),&nbsp;Limoeiro (1), Moreil\u00e2ndia (1),&nbsp;Nazar\u00e9 da Mata (1),&nbsp;Olinda (1),&nbsp;Panela (1),&nbsp;Paulista (2),&nbsp;Recife (4),&nbsp;Serra Talhada (2) e&nbsp;Timba\u00faba (1).&nbsp;Com isso, o Estado totaliza 11.090 mortes pela doen\u00e7a.<\/span><\/p>\n<p style=\"text-align: justify;\"><span lang=\"PT\">Os pacientes tinham idades entre 27 e 95 anos. As faixas et\u00e1rias s\u00e3o:&nbsp;20 a 29 (1), 40 a 49 (1), 50 a 59 (2), 60 a<\/span><span lang=\"PT\">&nbsp;69 (7), 70 a 79 (4) e 80 ou mais (7).&nbsp;Do total, 18 tinham doen\u00e7as pr\u00e9-existentes:&nbsp;diabetes (9), doen\u00e7a cardiovascular (8), hipertens\u00e3o (7),&nbsp;doen\u00e7a renal (4), obesidade (2), tabagismo\/hist\u00f3rico de tabagismo (2),&nbsp;doen\u00e7a hep\u00e1tica (1),&nbsp;e doen\u00e7a de Parkinson (1) &#8211; um paciente pode ter mais de uma comorbidade. Os demais seguem em investiga\u00e7\u00e3o.<\/span><\/p>\n<p style=\"text-align: justify;\"><span lang=\"PT\">Com rela\u00e7\u00e3o \u00e0 testagem dos profissionais de sa\u00fade com sintomas de gripe, em Pernambuco, at\u00e9&nbsp;agora,&nbsp;26.715 casos foram confirmados e 45.906 descartados. As testagens entre os trabalhadores do setor abrangem os profissionais de todas as unidades de sa\u00fade, sejam da rede p\u00fablica (estadual e municipal) ou privada. O Governo de Pernambuco foi o primeiro do pa\u00eds a criar um protocolo para testar e afastar os profissionais da \u00e1rea da sa\u00fade com sintomas gripais. O boletim de hoje tamb\u00e9m traz, em sua parte final, o detalhamento da testagem destes profissionais.<\/span><\/p>\n<p style=\"text-align: justify;\"><b><span lang=\"PT\">NOVOS LEITOS<\/span><\/b><span lang=\"PT\">&nbsp;&#8211; A rede de sa\u00fade p\u00fablica de Pernambuco ser\u00e1 refor\u00e7ada nesta sexta-feira (05.03) com mais 20 leitos de UTI dedicados aos pacientes com a Covid-19. As vagas ser\u00e3o abertas a partir de contratualiza\u00e7\u00e3o da Secretaria Estadual de Sa\u00fade (SES-PE) com o Hospital Memorial Jaboat\u00e3o, na Regi\u00e3o Metropolitana do Recife (RMR). Ao todo, desde o \u00faltimo s\u00e1bado (28.02), o Governo de Pernambuco colocou em opera\u00e7\u00e3o outros 52 leitos de terapia intensiva nos hospitais Agamenon Magalh\u00e3es (18); Rui de Barros Correia (2), em Arcoverde; In\u00e1cio de S\u00e1 (5), em Salgueiro; e Eduardo Campos da Pessoa Idosa (27), em parceria com a Prefeitura do Recife.<\/span><\/p>\n<p style=\"text-align: justify;\"><span lang=\"PT\">Durante coletiva de imprensa online transmitida pelo canal do Governo de Pernambuco no Youtube, o secret\u00e1rio estadual de Sa\u00fade, Andr\u00e9 Longo, destacou que o Estado deve abrir novas vagas nos pr\u00f3ximos dias, mas destacou que \u00e9 preciso a colabora\u00e7\u00e3o da popula\u00e7\u00e3o com o cumprimento dos protocolos sanit\u00e1rios.<\/span><\/p>\n<p style=\"text-align: justify;\"><span lang=\"PT\">\u201cPor determina\u00e7\u00e3o do governador Paulo C\u00e2mara, vamos continuar com o grande esfor\u00e7o log\u00edstico para abrir ainda mais vagas. Mas alerto a todos que pode chegar o momento em que o volume de pacientes com quadros graves supere a nossa velocidade operacional de abrir novos leitos. N\u00e3o temos escolha: ou enfrentamos a pandemia juntos, ou ela n\u00e3o ser\u00e1 superada, causando ainda mais mortes e trazendo ainda mais dor para todos. O respeito \u00e0s regras de preven\u00e7\u00e3o precisa ser compromisso de todos, porque s\u00f3 assim vamos conseguir atravessar este grave momento com menos mortes\u201d, disse. Atualmente, a rede estadual de sa\u00fade conta 1.990 leitos exclusivos para pacientes com diagn\u00f3stico, ou suspeita, da Covid-19, sendo 1.045 de UTI e 945 de enfermaria.<\/span><\/p>\n<p style=\"text-align: justify;\"><b><span lang=\"PT\">CEN\u00c1RIO EPIDEMIOL\u00d3GICO&nbsp;<\/span><\/b><span lang=\"PT\">\u2013 Longo alertou que na an\u00e1lise da \u00faltima semana, Pernambuco registrou os piores indicadores deste ano de 2021. E, de acordo com o gestor, a an\u00e1lise dos primeiros dias desta semana j\u00e1 aponta para um agravamento da situa\u00e7\u00e3o epidemiol\u00f3gica.<\/span><\/p>\n<p style=\"text-align: justify;\"><span lang=\"PT\">As notifica\u00e7\u00f5es de casos de S\u00edndrome Respirat\u00f3ria Aguda Grave (todos os casos graves suspeitos para a Covid-19) tiveram um aumento de 14% entre a Semana Epidemiol\u00f3gica (SE) 8 (21 a 27\/02) e a SE 7 (14 a 20\/ e de 20% na compara\u00e7\u00e3o com a SE 6 (07 a 13\/02). Al\u00e9m disso, pela primeira vez em 2021 a Central de Regula\u00e7\u00e3o de Leitos registrou mais de mil solicita\u00e7\u00f5es de vagas em uma semana. Ao todo, 1.074 pacientes com quadro respirat\u00f3rio grave precisaram de internamento, sendo 619 em leitos de UTI e 455 de enfermaria. Na semana anterior (SE 7), foram 916 solicita\u00e7\u00f5es, o que aponta para um aumento de 17% &#8211; nos pedidos de internamento em vagas de terapia intensiva o crescimento entre as duas semanas foi de 24,7% e de 8,3% nas solicita\u00e7\u00f5es por vagas em enfermarias.&nbsp;<\/span><\/p>\n<p style=\"text-align: justify;\"><span lang=\"PT\">\u201cNo pa\u00eds inteiro, a atual situa\u00e7\u00e3o da pandemia \u00e9 grav\u00edssima, com recordes diarios no n\u00famero de novas mortes. E esta realidade, infelizmente, est\u00e1 chegando a Pernambuco. Na \u00faltima semana, detectamos uma importante piora no cen\u00e1rio epidemiol\u00f3gico, com uma r\u00e1pida acelera\u00e7\u00e3o da doen\u00e7a, que provocou grande press\u00e3o na rede de sa\u00fade. A situa\u00e7\u00e3o j\u00e1 se propagou por todo o Estado e a semana 8 foi a pior deste ano, at\u00e9 agora. Neste momento, s\u00f3 o cuidado, o respeito \u00e0s a\u00e7\u00f5es restritivas e o avan\u00e7o da vacina\u00e7\u00e3o ser\u00e1 capaz de minimizar a acelera\u00e7\u00e3o da doen\u00e7a e o colapso das redes de sa\u00fade\u201d, explicou Andr\u00e9 Longo.<\/span><b><\/b><\/p>\n<p style=\"text-align: justify;\"><b><span lang=\"PT\">BALAN\u00c7O DA VACINA\u00c7\u00c3O<\/span><\/b><span lang=\"PT\">&nbsp;&#8211; Pernambuco j\u00e1 aplicou 467.611 doses da vacina contra a Covid-19, das quais 347.573 foram primeiras doses. Ao todo, foram feitas a primeira dose em 162.971 trabalhadores de sa\u00fade; 24.003 povos ind\u00edgenas aldeados; 5.587 idosos em Institui\u00e7\u00f5es de Longa Perman\u00eancia; 22.419 idosos de 75 a 79 anos; 51.580 idosos de 80 a 84 anos; 80.161 idosos a partir de 85 anos; al\u00e9m de 852 pessoas com defici\u00eancia institucionalizadas.<\/span><\/p>\n<p style=\"text-align: justify;\"><span lang=\"PT\">Em rela\u00e7\u00e3o \u00e0 segunda dose, j\u00e1 foram beneficiados 92.950 trabalhadores de sa\u00fade; 22.280 povos ind\u00edgenas aldeados; 4.116 idosos institucionalizados; 120 idosos de 80 a 84 anos; 35 idosos a partir de 85 anos e 537 pessoas com defici\u00eancia institucionalizadas; totalizando 120.038 pessoas que j\u00e1 finalizaram o esquema.<\/span><\/p>\n","protected":false},"excerpt":{"rendered":"<p>A Secretaria Estadual de Sa\u00fade (SES-PE) registrou, nesta quinta-feira (04\/03),&nbsp;1.685 casos da Covid-19. Entre os confirmados hoje,&nbsp;82 (5%) s\u00e3o casos&hellip;<\/p>\n","protected":false},"author":1,"featured_media":67459,"comment_status":"open","ping_status":"open","sticky":false,"template":"","format":"standard","meta":{"footnotes":""},"categories":[14120],"tags":[2,19532,17559,19670,20989],"class_list":["post-67457","post","type-post","status-publish","format-standard","has-post-thumbnail","hentry","category-noticias","tag-blog-do-edvaldo-magalhaes","tag-blog-mais-acessado-e-visualizado-de-caruaru-e-regiao","tag-covid-19","tag-novo-coronavirus","tag-pe-registra-os-piores-indicadores-de-2021-na-ultima-semana-e-agravamento-da-situacao-epidemiologica"],"_links":{"self":[{"href":"https:\/\/blogdoedvaldomagalhaes.com.br\/index.php\/wp-json\/wp\/v2\/posts\/67457","targetHints":{"allow":["GET"]}}],"collection":[{"href":"https:\/\/blogdoedvaldomagalhaes.com.br\/index.php\/wp-json\/wp\/v2\/posts"}],"about":[{"href":"https:\/\/blogdoedvaldomagalhaes.com.br\/index.php\/wp-json\/wp\/v2\/types\/post"}],"author":[{"embeddable":true,"href":"https:\/\/blogdoedvaldomagalhaes.com.br\/index.php\/wp-json\/wp\/v2\/users\/1"}],"replies":[{"embeddable":true,"href":"https:\/\/blogdoedvaldomagalhaes.com.br\/index.php\/wp-json\/wp\/v2\/comments?post=67457"}],"version-history":[{"count":2,"href":"https:\/\/blogdoedvaldomagalhaes.com.br\/index.php\/wp-json\/wp\/v2\/posts\/67457\/revisions"}],"predecessor-version":[{"id":67460,"href":"https:\/\/blogdoedvaldomagalhaes.com.br\/index.php\/wp-json\/wp\/v2\/posts\/67457\/revisions\/67460"}],"wp:featuredmedia":[{"embeddable":true,"href":"https:\/\/blogdoedvaldomagalhaes.com.br\/index.php\/wp-json\/wp\/v2\/media\/67459"}],"wp:attachment":[{"href":"https:\/\/blogdoedvaldomagalhaes.com.br\/index.php\/wp-json\/wp\/v2\/media?parent=67457"}],"wp:term":[{"taxonomy":"category","embeddable":true,"href":"https:\/\/blogdoedvaldomagalhaes.com.br\/index.php\/wp-json\/wp\/v2\/categories?post=67457"},{"taxonomy":"post_tag","embeddable":true,"href":"https:\/\/blogdoedvaldomagalhaes.com.br\/index.php\/wp-json\/wp\/v2\/tags?post=67457"}],"curies":[{"name":"wp","href":"https:\/\/api.w.org\/{rel}","templated":true}]}}