{"id":67454,"date":"2021-03-04T18:25:11","date_gmt":"2021-03-04T21:25:11","guid":{"rendered":"https:\/\/blogdoedvaldomagalhaes.com.br\/?p=67454"},"modified":"2021-03-04T18:25:12","modified_gmt":"2021-03-04T21:25:12","slug":"governo-de-pernambuco-suspende-visitas-presenciais-as-unidades-da-funase","status":"publish","type":"post","link":"https:\/\/blogdoedvaldomagalhaes.com.br\/index.php\/2021\/03\/04\/governo-de-pernambuco-suspende-visitas-presenciais-as-unidades-da-funase\/","title":{"rendered":"Governo de Pernambuco suspende visitas presenciais \u00e0s unidades da Funase"},"content":{"rendered":"<p style=\"text-align: justify;\"><span style=\"font-size: inherit;\">A Secretaria de Desenvolvimento Social, Crian\u00e7a e Juventude (SDSCJ) e a Funda\u00e7\u00e3o de Atendimento Socioeducativo (Funase) determinaram a suspens\u00e3o tempor\u00e1ria das visitas presenciais a 15 unidades socioeducativas de Pernambuco a partir da pr\u00f3xima segunda-feira (8). A decis\u00e3o vale, pelo menos, at\u00e9 17 de mar\u00e7o, quando passar\u00e1 por reavalia\u00e7\u00e3o com base na situa\u00e7\u00e3o epidemiol\u00f3gica da Covid-19 no Estado. As visitas que j\u00e1 estavam programadas para este s\u00e1bado (6) e domingo (7) poder\u00e3o ocorrer mediante o cumprimento de restri\u00e7\u00f5es em vigor desde 2020, entre elas, a permiss\u00e3o de acesso de apenas um visitante por interno.<\/span><\/p>\n<p style=\"text-align: justify;\">O objetivo da medida \u00e9 evitar a propaga\u00e7\u00e3o do v\u00edrus nos espa\u00e7os de atendimento a adolescentes e jovens em priva\u00e7\u00e3o de liberdade ap\u00f3s a pr\u00e1tica de atos infracionais. A suspens\u00e3o do comparecimento presencial de familiares dos socioeducandos vale para oito unidades de interna\u00e7\u00e3o, quatro de interna\u00e7\u00e3o provis\u00f3ria, duas que funcionam em regime integrado (interna\u00e7\u00e3o e interna\u00e7\u00e3o provis\u00f3ria) e para a Unidade de Atendimento Inicial (Uniai). Essas instala\u00e7\u00f5es est\u00e3o situadas em nove munic\u00edpios: Recife, Cabo de Santo Agostinho, Jaboat\u00e3o dos Guararapes, Timba\u00faba, Vit\u00f3ria de Santo Ant\u00e3o, Caruaru, Garanhuns, Arcoverde e Petrolina.<\/p>\n<p style=\"text-align: justify;\">\u201cSabemos que, diante da situa\u00e7\u00e3o dif\u00edcil no pa\u00eds, Pernambuco vem adotando medidas para conter a propaga\u00e7\u00e3o do v\u00edrus. Sentimos a necessidade de tamb\u00e9m acompanhar essas restri\u00e7\u00f5es no sistema socioeducativo, que, ap\u00f3s um esfor\u00e7o hist\u00f3rico, n\u00e3o tem mais superlota\u00e7\u00e3o desde 2019, mas tem como caracter\u00edstica o trabalho em locais em que h\u00e1 priva\u00e7\u00e3o de liberdade. Por isso, estamos suspendendo as visitas presenciais \u00e0 Funase, dando como alternativa aos familiares dos jovens a comunica\u00e7\u00e3o por videochamadas, algo que deu muito certo em 2020\u201d, explica o secret\u00e1rio de Desenvolvimento Social, Crian\u00e7a e Juventude, Sileno Guedes.<\/p>\n<p style=\"text-align: justify;\">No ano passado, as visitas presenciais \u00e0s unidades da Funase ficaram suspensas de abril a agosto, per\u00edodo em que foram realizadas 2,8 mil videochamadas entre familiares e socioeducandos. Durante o Plano de Conviv\u00eancia com a Covid-19 implantado em todo o Estado, o acesso dos parentes dos adolescentes e jovens \u00e0 institui\u00e7\u00e3o voltou a ser autorizado mediante regras como o uso de m\u00e1scaras e a higieniza\u00e7\u00e3o das m\u00e3os e de embalagens de produtos aliment\u00edcios levados para os internos. Tamb\u00e9m ficou proibido, na ocasi\u00e3o, o ingresso de visitantes do grupo de risco para agravamento da infec\u00e7\u00e3o pelo novo coronav\u00edrus.<\/p>\n<p style=\"text-align: justify;\">\u201cNos \u00faltimos meses, adotamos diversas provid\u00eancias para garantir a seguran\u00e7a sanit\u00e1ria nas nossas unidades. Vivenciamos uma primeira suspens\u00e3o de visitas, em 2020, depois a retomada e, agora, em conjunto com os gestores locais, optamos por, novamente, suspender a entrada de visitantes devido ao agravamento da pandemia. \u00c9 uma decis\u00e3o que busca resguardar os adolescentes e jovens que est\u00e3o sob responsabilidade do Estado e os servidores da institui\u00e7\u00e3o, que desempenham servi\u00e7o considerado essencial neste per\u00edodo de emerg\u00eancia e t\u00eam comparecido presencialmente ao trabalho\u201d, afirma a presidente da Funase, Nadja Alencar.<\/p>\n","protected":false},"excerpt":{"rendered":"<p>A Secretaria de Desenvolvimento Social, Crian\u00e7a e Juventude (SDSCJ) e a Funda\u00e7\u00e3o de Atendimento Socioeducativo (Funase) determinaram a suspens\u00e3o tempor\u00e1ria&hellip;<\/p>\n","protected":false},"author":1,"featured_media":67455,"comment_status":"open","ping_status":"open","sticky":false,"template":"","format":"standard","meta":{"footnotes":""},"categories":[14120],"tags":[2,19532,20987,1950],"class_list":["post-67454","post","type-post","status-publish","format-standard","has-post-thumbnail","hentry","category-noticias","tag-blog-do-edvaldo-magalhaes","tag-blog-mais-acessado-e-visualizado-de-caruaru-e-regiao","tag-governo-de-pernambuco-suspende-visitas-presenciais-as-unidades-da-funase","tag-noticias-de-caruaru"],"_links":{"self":[{"href":"https:\/\/blogdoedvaldomagalhaes.com.br\/index.php\/wp-json\/wp\/v2\/posts\/67454","targetHints":{"allow":["GET"]}}],"collection":[{"href":"https:\/\/blogdoedvaldomagalhaes.com.br\/index.php\/wp-json\/wp\/v2\/posts"}],"about":[{"href":"https:\/\/blogdoedvaldomagalhaes.com.br\/index.php\/wp-json\/wp\/v2\/types\/post"}],"author":[{"embeddable":true,"href":"https:\/\/blogdoedvaldomagalhaes.com.br\/index.php\/wp-json\/wp\/v2\/users\/1"}],"replies":[{"embeddable":true,"href":"https:\/\/blogdoedvaldomagalhaes.com.br\/index.php\/wp-json\/wp\/v2\/comments?post=67454"}],"version-history":[{"count":1,"href":"https:\/\/blogdoedvaldomagalhaes.com.br\/index.php\/wp-json\/wp\/v2\/posts\/67454\/revisions"}],"predecessor-version":[{"id":67456,"href":"https:\/\/blogdoedvaldomagalhaes.com.br\/index.php\/wp-json\/wp\/v2\/posts\/67454\/revisions\/67456"}],"wp:featuredmedia":[{"embeddable":true,"href":"https:\/\/blogdoedvaldomagalhaes.com.br\/index.php\/wp-json\/wp\/v2\/media\/67455"}],"wp:attachment":[{"href":"https:\/\/blogdoedvaldomagalhaes.com.br\/index.php\/wp-json\/wp\/v2\/media?parent=67454"}],"wp:term":[{"taxonomy":"category","embeddable":true,"href":"https:\/\/blogdoedvaldomagalhaes.com.br\/index.php\/wp-json\/wp\/v2\/categories?post=67454"},{"taxonomy":"post_tag","embeddable":true,"href":"https:\/\/blogdoedvaldomagalhaes.com.br\/index.php\/wp-json\/wp\/v2\/tags?post=67454"}],"curies":[{"name":"wp","href":"https:\/\/api.w.org\/{rel}","templated":true}]}}