{"id":67451,"date":"2021-03-04T17:09:15","date_gmt":"2021-03-04T20:09:15","guid":{"rendered":"https:\/\/blogdoedvaldomagalhaes.com.br\/?p=67451"},"modified":"2021-03-04T17:09:16","modified_gmt":"2021-03-04T20:09:16","slug":"fagner-fernandes-quer-exibicao-obrigatoria-de-rotulo-e-seringa-durante-aplicacao-de-vacinas-em-caruaru","status":"publish","type":"post","link":"https:\/\/blogdoedvaldomagalhaes.com.br\/index.php\/2021\/03\/04\/fagner-fernandes-quer-exibicao-obrigatoria-de-rotulo-e-seringa-durante-aplicacao-de-vacinas-em-caruaru\/","title":{"rendered":"Fagner Fernandes quer  exibi\u00e7\u00e3o obrigat\u00f3ria de r\u00f3tulo e seringa durante aplica\u00e7\u00e3o de vacinas em Caruaru"},"content":{"rendered":"<p style=\"text-align: justify;\"><span style=\"font-size: inherit;\">O vereador Fagner Fernandes (PDT) mostrando-se preocupado com a transpar\u00eancia e seguran\u00e7a da popula\u00e7\u00e3o durante a aplica\u00e7\u00e3o da vacina, apresentou na C\u00e2mara Municipal de Caruaru, um Projeto de Lei que solicita a obrigatoriedade dos funcion\u00e1rios das unidades de sa\u00fade do munic\u00edpio, que fazem aplica\u00e7\u00e3o do imunizante, passarem a exibir o r\u00f3tulo da vacina e a embalagem da seringa ao paciente e\/ou acompanhante antes da aplica\u00e7\u00e3o.<\/span><\/p>\n<p style=\"text-align: justify;\">\u201cTemos acompanhado a pol\u00eamica em torno das vacinas para covid-19, onde em v\u00e1rias cidades tem ocorrido fraude na aplica\u00e7\u00e3o. Num momento como este \u00e9 necess\u00e1rio tomar todas as medidas para que a vacina ocorra da forma mais segura poss\u00edvel e para que a popula\u00e7\u00e3o se sinta segura ao se vacinar&#8221;, pontuou.<\/p>\n<p style=\"text-align: justify;\">Segundo o parlamentar, a medida deve se estender a aplica\u00e7\u00e3o das demais vacinas no munic\u00edpio. &#8220;Apresento o presente projeto de lei, cujo objetivo \u00e9 garantir a seguran\u00e7a na aplica\u00e7\u00e3o n\u00e3o s\u00f3 na vacina contra covid, mas de todas as outras vacinas dispon\u00edveis no Sistema \u00danico de Sa\u00fade, em nossa cidade\u201d, explicou Fagner.<\/p>\n<p style=\"text-align: justify;\">O projeto segue para an\u00e1lise das Comiss\u00f5es da Casa e vota\u00e7\u00e3o no plen\u00e1rio.<\/p>\n<p style=\"text-align: justify;\">&#8212;<\/p>\n<p style=\"text-align: justify;\">Acesse as Redes Sociais e conhe\u00e7a outras propostas do vereador:<br \/>\nInstagram: @fagnerfernandesoficial<br \/>\nFacebook: Fagner Fernandes<\/p>\n","protected":false},"excerpt":{"rendered":"<p>O vereador Fagner Fernandes (PDT) mostrando-se preocupado com a transpar\u00eancia e seguran\u00e7a da popula\u00e7\u00e3o durante a aplica\u00e7\u00e3o da vacina, apresentou&hellip;<\/p>\n","protected":false},"author":1,"featured_media":67452,"comment_status":"open","ping_status":"open","sticky":false,"template":"","format":"standard","meta":{"footnotes":""},"categories":[14122],"tags":[2,19532,20],"class_list":["post-67451","post","type-post","status-publish","format-standard","has-post-thumbnail","hentry","category-politica","tag-blog-do-edvaldo-magalhaes","tag-blog-mais-acessado-e-visualizado-de-caruaru-e-regiao","tag-politica"],"_links":{"self":[{"href":"https:\/\/blogdoedvaldomagalhaes.com.br\/index.php\/wp-json\/wp\/v2\/posts\/67451","targetHints":{"allow":["GET"]}}],"collection":[{"href":"https:\/\/blogdoedvaldomagalhaes.com.br\/index.php\/wp-json\/wp\/v2\/posts"}],"about":[{"href":"https:\/\/blogdoedvaldomagalhaes.com.br\/index.php\/wp-json\/wp\/v2\/types\/post"}],"author":[{"embeddable":true,"href":"https:\/\/blogdoedvaldomagalhaes.com.br\/index.php\/wp-json\/wp\/v2\/users\/1"}],"replies":[{"embeddable":true,"href":"https:\/\/blogdoedvaldomagalhaes.com.br\/index.php\/wp-json\/wp\/v2\/comments?post=67451"}],"version-history":[{"count":1,"href":"https:\/\/blogdoedvaldomagalhaes.com.br\/index.php\/wp-json\/wp\/v2\/posts\/67451\/revisions"}],"predecessor-version":[{"id":67453,"href":"https:\/\/blogdoedvaldomagalhaes.com.br\/index.php\/wp-json\/wp\/v2\/posts\/67451\/revisions\/67453"}],"wp:featuredmedia":[{"embeddable":true,"href":"https:\/\/blogdoedvaldomagalhaes.com.br\/index.php\/wp-json\/wp\/v2\/media\/67452"}],"wp:attachment":[{"href":"https:\/\/blogdoedvaldomagalhaes.com.br\/index.php\/wp-json\/wp\/v2\/media?parent=67451"}],"wp:term":[{"taxonomy":"category","embeddable":true,"href":"https:\/\/blogdoedvaldomagalhaes.com.br\/index.php\/wp-json\/wp\/v2\/categories?post=67451"},{"taxonomy":"post_tag","embeddable":true,"href":"https:\/\/blogdoedvaldomagalhaes.com.br\/index.php\/wp-json\/wp\/v2\/tags?post=67451"}],"curies":[{"name":"wp","href":"https:\/\/api.w.org\/{rel}","templated":true}]}}