{"id":67448,"date":"2021-03-04T14:30:14","date_gmt":"2021-03-04T17:30:14","guid":{"rendered":"https:\/\/blogdoedvaldomagalhaes.com.br\/?p=67448"},"modified":"2021-03-04T14:30:16","modified_gmt":"2021-03-04T17:30:16","slug":"erick-lessa-recebe-movimento-pro-pernambuco-na-comissao-de-desenvolvimento-economico-da-alepe","status":"publish","type":"post","link":"https:\/\/blogdoedvaldomagalhaes.com.br\/index.php\/2021\/03\/04\/erick-lessa-recebe-movimento-pro-pernambuco-na-comissao-de-desenvolvimento-economico-da-alepe\/","title":{"rendered":"Erick Lessa recebe Movimento Pr\u00f3-Pernambuco na Comiss\u00e3o de Desenvolvimento Econ\u00f4mico da Alepe"},"content":{"rendered":"<p style=\"text-align: justify;\"><span style=\"font-size: inherit;\">Presidida pelo deputado estadual Delegado Erick Lessa (Progressistas), a Comiss\u00e3o de Desenvolvimento Econ\u00f4mico e Turismo da Assembleia Legislativa de Pernambuco colocou em pauta as a\u00e7\u00f5es de enfrentamento aos impactos econ\u00f4micos provocados pela pandemia do novo coronav\u00edrus. Ocorrida de forma virtual nesta quarta-feira (03), a reuni\u00e3o contou com a participa\u00e7\u00e3o do presidente do Movimento Pr\u00f3-Pernambuco, Avelar Loureiro, que destacou a import\u00e2ncia de serem realizados di\u00e1logos entre o poder p\u00fablico e o setor produtivo.<\/span><\/p>\n<p style=\"text-align: justify;\">Loureiro pontuou que as medidas de enfrentamento \u00e0 pandemia devem ser tomadas com base no di\u00e1logo com o setor econ\u00f4mico. \u201cA sintonia fina tem de ser com quem est\u00e1 operando, para n\u00e3o maximizar as consequ\u00eancias econ\u00f4micas do processo\u201d, afirmou o presidente do Movimento Pr\u00f3-Pernambuco, que congrega aproximadamente duas dezenas de entidades de classe representativas dos segmentos de Com\u00e9rcio, Ind\u00fastria e Servi\u00e7os, al\u00e9m de profissionais liberais.<\/p>\n<p style=\"text-align: justify;\">\u00c0 frente da Comiss\u00e3o, o deputado Erick Lessa ressaltou que o plano de conviv\u00eancia com a covid-19 deve contemplar o desenvolvimento econ\u00f4mico, de modo a fortalecer a economia regional e possibilitar a retomada das atividades. Segundo o parlamentar, o colegiado est\u00e1 \u00e0 disposi\u00e7\u00e3o para promover o debate sobre o assunto, e secret\u00e1rios de governo dever\u00e3o ser convidados para discutir a\u00e7\u00f5es em conjunto com os legisladores e com o setor produtivo. Al\u00e9m do presidente do colegiado, estiveram presentes na reuni\u00e3o os deputados Jo\u00e3o Paulo Lima, Romero Sales Filho e Ant\u00f4nio Fernando.<\/p>\n","protected":false},"excerpt":{"rendered":"<p>Presidida pelo deputado estadual Delegado Erick Lessa (Progressistas), a Comiss\u00e3o de Desenvolvimento Econ\u00f4mico e Turismo da Assembleia Legislativa de Pernambuco&hellip;<\/p>\n","protected":false},"author":1,"featured_media":67449,"comment_status":"open","ping_status":"open","sticky":false,"template":"","format":"standard","meta":{"footnotes":""},"categories":[14122],"tags":[2,19532,20985,1950],"class_list":["post-67448","post","type-post","status-publish","format-standard","has-post-thumbnail","hentry","category-politica","tag-blog-do-edvaldo-magalhaes","tag-blog-mais-acessado-e-visualizado-de-caruaru-e-regiao","tag-erick-lessa-recebe-movimento-pro-pernambuco-na-comissao-de-desenvolvimento-economico-da-alepe","tag-noticias-de-caruaru"],"_links":{"self":[{"href":"https:\/\/blogdoedvaldomagalhaes.com.br\/index.php\/wp-json\/wp\/v2\/posts\/67448","targetHints":{"allow":["GET"]}}],"collection":[{"href":"https:\/\/blogdoedvaldomagalhaes.com.br\/index.php\/wp-json\/wp\/v2\/posts"}],"about":[{"href":"https:\/\/blogdoedvaldomagalhaes.com.br\/index.php\/wp-json\/wp\/v2\/types\/post"}],"author":[{"embeddable":true,"href":"https:\/\/blogdoedvaldomagalhaes.com.br\/index.php\/wp-json\/wp\/v2\/users\/1"}],"replies":[{"embeddable":true,"href":"https:\/\/blogdoedvaldomagalhaes.com.br\/index.php\/wp-json\/wp\/v2\/comments?post=67448"}],"version-history":[{"count":1,"href":"https:\/\/blogdoedvaldomagalhaes.com.br\/index.php\/wp-json\/wp\/v2\/posts\/67448\/revisions"}],"predecessor-version":[{"id":67450,"href":"https:\/\/blogdoedvaldomagalhaes.com.br\/index.php\/wp-json\/wp\/v2\/posts\/67448\/revisions\/67450"}],"wp:featuredmedia":[{"embeddable":true,"href":"https:\/\/blogdoedvaldomagalhaes.com.br\/index.php\/wp-json\/wp\/v2\/media\/67449"}],"wp:attachment":[{"href":"https:\/\/blogdoedvaldomagalhaes.com.br\/index.php\/wp-json\/wp\/v2\/media?parent=67448"}],"wp:term":[{"taxonomy":"category","embeddable":true,"href":"https:\/\/blogdoedvaldomagalhaes.com.br\/index.php\/wp-json\/wp\/v2\/categories?post=67448"},{"taxonomy":"post_tag","embeddable":true,"href":"https:\/\/blogdoedvaldomagalhaes.com.br\/index.php\/wp-json\/wp\/v2\/tags?post=67448"}],"curies":[{"name":"wp","href":"https:\/\/api.w.org\/{rel}","templated":true}]}}