{"id":67445,"date":"2021-03-04T09:27:13","date_gmt":"2021-03-04T12:27:13","guid":{"rendered":"https:\/\/blogdoedvaldomagalhaes.com.br\/?p=67445"},"modified":"2021-03-04T09:27:14","modified_gmt":"2021-03-04T12:27:14","slug":"visitas-presenciais-no-sistema-prisional-estao-suspensas-em-pernambuco","status":"publish","type":"post","link":"https:\/\/blogdoedvaldomagalhaes.com.br\/index.php\/2021\/03\/04\/visitas-presenciais-no-sistema-prisional-estao-suspensas-em-pernambuco\/","title":{"rendered":"Visitas presenciais no sistema prisional est\u00e3o suspensas em Pernambuco"},"content":{"rendered":"<p style=\"text-align: justify;\">As visitas familiares presenciais em todo o sistema prisional de Pernambuco que ocorreriam nos 6, 7, 13 e 14 deste m\u00eas est\u00e3o suspensas. A decis\u00e3o foi tomada pela Secretaria de Justi\u00e7a e Direitos Humanos, por meio da Executiva de Ressocializa\u00e7\u00e3o (Seres).<\/p>\n<p style=\"text-align: justify;\">A suspens\u00e3o faz parte das medidas restritivas como forma de preven\u00e7\u00e3o \u00e0 covid-19 que est\u00e3o sendo tomadas pelo Governo de Pernambuco at\u00e9 o dia 17 de mar\u00e7o, no que diz respeito \u00e0 aglomera\u00e7\u00e3o de pessoas. Desde o in\u00edcio da pandemia, foram registrados nove \u00f3bitos em consequ\u00eancia da doen\u00e7a no sistema prisional.<\/p>\n<p style=\"text-align: justify;\">A Seres ressalta que as visitas virtuais das fam\u00edlias seguem dispon\u00edveis nas 23 unidades prisionais do Estado. As comunica\u00e7\u00f5es online, implantadas em maio de 2020, t\u00eam o intuito de garantir a manuten\u00e7\u00e3o dos v\u00ednculos com parentes.<\/p>\n<p style=\"text-align: justify;\">As visitas acontecem de segunda a sexta-feira, numa sala reservada, com supervis\u00e3o de um servidor da unidade prisional. Quase 45.700 encontros j\u00e1 foram realizados, inclusive entre detentos e parentes residentes em outros estados e pa\u00edses.<\/p>\n<p>Foto: Seres\/Divulga\u00e7\u00e3o.<\/p>\n\n\n<p><\/p>\n","protected":false},"excerpt":{"rendered":"<p>As visitas familiares presenciais em todo o sistema prisional de Pernambuco que ocorreriam nos 6, 7, 13 e 14 deste&hellip;<\/p>\n","protected":false},"author":1,"featured_media":67446,"comment_status":"open","ping_status":"open","sticky":false,"template":"","format":"standard","meta":{"footnotes":""},"categories":[14120],"tags":[2,19532,6,20984],"class_list":["post-67445","post","type-post","status-publish","format-standard","has-post-thumbnail","hentry","category-noticias","tag-blog-do-edvaldo-magalhaes","tag-blog-mais-acessado-e-visualizado-de-caruaru-e-regiao","tag-noticias","tag-visitas-presenciais-no-sistema-prisional-estao-suspensas-em-pernambuco"],"_links":{"self":[{"href":"https:\/\/blogdoedvaldomagalhaes.com.br\/index.php\/wp-json\/wp\/v2\/posts\/67445","targetHints":{"allow":["GET"]}}],"collection":[{"href":"https:\/\/blogdoedvaldomagalhaes.com.br\/index.php\/wp-json\/wp\/v2\/posts"}],"about":[{"href":"https:\/\/blogdoedvaldomagalhaes.com.br\/index.php\/wp-json\/wp\/v2\/types\/post"}],"author":[{"embeddable":true,"href":"https:\/\/blogdoedvaldomagalhaes.com.br\/index.php\/wp-json\/wp\/v2\/users\/1"}],"replies":[{"embeddable":true,"href":"https:\/\/blogdoedvaldomagalhaes.com.br\/index.php\/wp-json\/wp\/v2\/comments?post=67445"}],"version-history":[{"count":1,"href":"https:\/\/blogdoedvaldomagalhaes.com.br\/index.php\/wp-json\/wp\/v2\/posts\/67445\/revisions"}],"predecessor-version":[{"id":67447,"href":"https:\/\/blogdoedvaldomagalhaes.com.br\/index.php\/wp-json\/wp\/v2\/posts\/67445\/revisions\/67447"}],"wp:featuredmedia":[{"embeddable":true,"href":"https:\/\/blogdoedvaldomagalhaes.com.br\/index.php\/wp-json\/wp\/v2\/media\/67446"}],"wp:attachment":[{"href":"https:\/\/blogdoedvaldomagalhaes.com.br\/index.php\/wp-json\/wp\/v2\/media?parent=67445"}],"wp:term":[{"taxonomy":"category","embeddable":true,"href":"https:\/\/blogdoedvaldomagalhaes.com.br\/index.php\/wp-json\/wp\/v2\/categories?post=67445"},{"taxonomy":"post_tag","embeddable":true,"href":"https:\/\/blogdoedvaldomagalhaes.com.br\/index.php\/wp-json\/wp\/v2\/tags?post=67445"}],"curies":[{"name":"wp","href":"https:\/\/api.w.org\/{rel}","templated":true}]}}