{"id":67442,"date":"2021-03-04T09:18:02","date_gmt":"2021-03-04T12:18:02","guid":{"rendered":"https:\/\/blogdoedvaldomagalhaes.com.br\/?p=67442"},"modified":"2021-03-04T09:18:03","modified_gmt":"2021-03-04T12:18:03","slug":"morre-em-caruaru-sargento-leonardo-aos-47-anos","status":"publish","type":"post","link":"https:\/\/blogdoedvaldomagalhaes.com.br\/index.php\/2021\/03\/04\/morre-em-caruaru-sargento-leonardo-aos-47-anos\/","title":{"rendered":"Morre em Caruaru sargento Leonardo, aos 47 anos"},"content":{"rendered":"<p style=\"text-align: justify;\">Morreu na noite desta quarta-feira (03), no Hospital Regional do Agreste (HRA), em Caruaru, o Sargento Leonardo, 47 anos, lotado no 4\u00ba BPM. Durante v\u00e1rios anos ele integrou a Cavalaria da PM.<\/p>\n<p style=\"text-align: justify;\">O militar morava na Rua Saldanha da Gama, Centro de Caruaru, e estava internado h\u00e1 v\u00e1rios dias em coma com problemas de f\u00edgado. O corpo est\u00e1 sendo velado no Cemit\u00e9rio Parque dos Arcos e ser\u00e1 sepultado nesta quinta (04), \u00e0s 16h.<\/p>\n","protected":false},"excerpt":{"rendered":"<p>Morreu na noite desta quarta-feira (03), no Hospital Regional do Agreste (HRA), em Caruaru, o Sargento Leonardo, 47 anos, lotado&hellip;<\/p>\n","protected":false},"author":1,"featured_media":67443,"comment_status":"open","ping_status":"open","sticky":false,"template":"","format":"standard","meta":{"footnotes":""},"categories":[14120],"tags":[2,19532,20983,1950],"class_list":["post-67442","post","type-post","status-publish","format-standard","has-post-thumbnail","hentry","category-noticias","tag-blog-do-edvaldo-magalhaes","tag-blog-mais-acessado-e-visualizado-de-caruaru-e-regiao","tag-morre-em-caruaru-sargento-leonardo-aos-47-anos","tag-noticias-de-caruaru"],"_links":{"self":[{"href":"https:\/\/blogdoedvaldomagalhaes.com.br\/index.php\/wp-json\/wp\/v2\/posts\/67442","targetHints":{"allow":["GET"]}}],"collection":[{"href":"https:\/\/blogdoedvaldomagalhaes.com.br\/index.php\/wp-json\/wp\/v2\/posts"}],"about":[{"href":"https:\/\/blogdoedvaldomagalhaes.com.br\/index.php\/wp-json\/wp\/v2\/types\/post"}],"author":[{"embeddable":true,"href":"https:\/\/blogdoedvaldomagalhaes.com.br\/index.php\/wp-json\/wp\/v2\/users\/1"}],"replies":[{"embeddable":true,"href":"https:\/\/blogdoedvaldomagalhaes.com.br\/index.php\/wp-json\/wp\/v2\/comments?post=67442"}],"version-history":[{"count":1,"href":"https:\/\/blogdoedvaldomagalhaes.com.br\/index.php\/wp-json\/wp\/v2\/posts\/67442\/revisions"}],"predecessor-version":[{"id":67444,"href":"https:\/\/blogdoedvaldomagalhaes.com.br\/index.php\/wp-json\/wp\/v2\/posts\/67442\/revisions\/67444"}],"wp:featuredmedia":[{"embeddable":true,"href":"https:\/\/blogdoedvaldomagalhaes.com.br\/index.php\/wp-json\/wp\/v2\/media\/67443"}],"wp:attachment":[{"href":"https:\/\/blogdoedvaldomagalhaes.com.br\/index.php\/wp-json\/wp\/v2\/media?parent=67442"}],"wp:term":[{"taxonomy":"category","embeddable":true,"href":"https:\/\/blogdoedvaldomagalhaes.com.br\/index.php\/wp-json\/wp\/v2\/categories?post=67442"},{"taxonomy":"post_tag","embeddable":true,"href":"https:\/\/blogdoedvaldomagalhaes.com.br\/index.php\/wp-json\/wp\/v2\/tags?post=67442"}],"curies":[{"name":"wp","href":"https:\/\/api.w.org\/{rel}","templated":true}]}}