{"id":674,"date":"2018-11-19T10:40:00","date_gmt":"2018-11-19T12:40:00","guid":{"rendered":"http:\/\/blogdoedvaldomagalhaes.com.br\/index.php\/2018\/11\/19\/comunidade-da-vila-trapia-celebra-95\/"},"modified":"2019-02-09T02:42:03","modified_gmt":"2019-02-09T04:42:03","slug":"comunidade-da-vila-trapia-celebra-95","status":"publish","type":"post","link":"https:\/\/blogdoedvaldomagalhaes.com.br\/index.php\/2018\/11\/19\/comunidade-da-vila-trapia-celebra-95\/","title":{"rendered":"Comunidade da Vila Trapi\u00e1 celebra 95\u00aa Festa de Nossa Senhora do Livramento"},"content":{"rendered":"<div class=\"separator\" style=\"clear: both; text-align: center;\">\n<a href=\"https:\/\/3.bp.blogspot.com\/-lqWX1MqSu9M\/W_KTBKpU5LI\/AAAAAAAA978\/CspmtxkwSY4YyKWh7mUryHt7YmR-_8MsQCLcBGAs\/s1600\/festa.jpeg\" imageanchor=\"1\" style=\"margin-left: 1em; margin-right: 1em;\"><img loading=\"lazy\" decoding=\"async\" border=\"0\" data-original-height=\"740\" data-original-width=\"1008\" height=\"470\" src=\"http:\/\/blogdoedvaldomagalhaes.com.br\/wp-content\/uploads\/2018\/11\/festa.jpeg\" width=\"640\" \/><\/a><\/div>\n<div style=\"text-align: justify;\">\n<\/div>\n<div style=\"text-align: justify;\">\nA comunidade cat\u00f3lica do distrito da Vila Trapi\u00e1, na Zona Rural de Riacho das Almas, est\u00e1 celebrando deste a \u00faltima quinta-feira (15) o tradicional noven\u00e1rio para celebrar a Festa de Nossa Senhora do Livramento, que em 2018 chega \u00e0 sua 95\u00aa edi\u00e7\u00e3o. Na programa\u00e7\u00e3o religiosa com celebra\u00e7\u00e3o de missas, participa\u00e7\u00e3o de corais da regi\u00e3o e tamb\u00e9m de comunidades vizinhas e recita\u00e7\u00e3o do Of\u00edcio de Nossa Senhora. Neste ano, o tema escolhido para a festa foi \u201cA exemplo de Maria, somos chamados a vivenciar a alegria do Evangelho\u201d.<\/div>\n<div style=\"text-align: justify;\">\n<\/div>\n<div style=\"text-align: justify;\">\nTodos os dias do noven\u00e1rio, \u00e0s 19h \u00e9 realizada a recita\u00e7\u00e3o do ter\u00e7o, e \u00e0s 19h30 a celebra\u00e7\u00e3o da Santa Missa. No noven\u00e1rio, comunidades da regi\u00e3o tamb\u00e9m s\u00e3o convidadas a participar como noiteiros.<\/div>\n<div style=\"text-align: justify;\">\n<\/div>\n<div style=\"text-align: justify;\">\nNo encerramento da festa, marcado para o dia 24 de novembro, haver\u00e1 alvorada festiva, a recita\u00e7\u00e3o do of\u00edcio al\u00e9m da prociss\u00e3o com a imagem de Nossa Senhora do Livramento percorrendo as principais ruas da comunidade e o encerramento com a Santa Missa. Veja a programa\u00e7\u00e3o religiosa completa:<\/div>\n<div style=\"text-align: justify;\">\n<\/div>\n<div style=\"text-align: justify;\">\n<b>Segunda-feira (19\/11)<\/b><\/div>\n<div style=\"text-align: justify;\">\n<\/div>\n<div style=\"text-align: justify;\">\n19h Recita\u00e7\u00e3o do ter\u00e7o<\/div>\n<div style=\"text-align: justify;\">\n<\/div>\n<div style=\"text-align: justify;\">\n19h30 Celebra\u00e7\u00e3o da Palavra presidida pelo Di\u00e1cono Carlos Gen\u00ea<\/div>\n<div style=\"text-align: justify;\">\n<\/div>\n<div style=\"text-align: justify;\">\nNoiteiros: Lagoa de Tr\u00eas Irm\u00e3os e Dois Riachos<\/div>\n<div style=\"text-align: justify;\">\n<\/div>\n<div style=\"text-align: justify;\">\nParticipa\u00e7\u00e3o: Mulheres do ter\u00e7o<\/div>\n<div style=\"text-align: justify;\">\n<\/div>\n<div style=\"text-align: justify;\">\nAnima\u00e7\u00e3o: Minist\u00e9rio de M\u00fasica Jesus Misericordioso<\/div>\n<div style=\"text-align: justify;\">\n<\/div>\n<div style=\"text-align: justify;\">\n<b>Ter\u00e7a-feira (20\/11)<\/b><\/div>\n<div style=\"text-align: justify;\">\n<\/div>\n<div style=\"text-align: justify;\">\n19h Recita\u00e7\u00e3o do ter\u00e7o<\/div>\n<div style=\"text-align: justify;\">\n<\/div>\n<div style=\"text-align: justify;\">\n19h30 Celebra\u00e7\u00e3o Eucar\u00edstica presidida pelo Pe Jos\u00e9 Alexandre<\/div>\n<div style=\"text-align: justify;\">\n<\/div>\n<div style=\"text-align: justify;\">\nNoiteiros: S\u00edtio Trapi\u00e1 e Barra de Carapot\u00f3s<\/div>\n<div style=\"text-align: justify;\">\n<\/div>\n<div style=\"text-align: justify;\">\nParticipa\u00e7\u00e3o: Mensageiros das Santas Chagas<\/div>\n<div style=\"text-align: justify;\">\n<\/div>\n<div style=\"text-align: justify;\">\nAnima\u00e7\u00e3o: Minist\u00e9rio de M\u00fasica Nossa Senhora do Livramento<\/div>\n<div style=\"text-align: justify;\">\n<\/div>\n<div style=\"text-align: justify;\">\n<b>Quarta-feira (21\/11)<\/b><\/div>\n<div style=\"text-align: justify;\">\n<\/div>\n<div style=\"text-align: justify;\">\n18h30 Recita\u00e7\u00e3o do ter\u00e7o<\/div>\n<div style=\"text-align: justify;\">\n<\/div>\n<div style=\"text-align: justify;\">\n19h Celebra\u00e7\u00e3o Eucar\u00edstica presidida pelo Pe. Jos\u00e9 Adeildo e realiza\u00e7\u00e3o de batizados<\/div>\n<div style=\"text-align: justify;\">\n<\/div>\n<div style=\"text-align: justify;\">\nNoiteiros: Patos, Palmat\u00f3ria e Bara\u00fanas<\/div>\n<div style=\"text-align: justify;\">\n<\/div>\n<div style=\"text-align: justify;\">\nParticipa\u00e7\u00e3o: As crian\u00e7as<\/div>\n<div style=\"text-align: justify;\">\n<\/div>\n<div style=\"text-align: justify;\">\nAnima\u00e7\u00e3o: Minist\u00e9rio de M\u00fasica Magn\u00edficat<\/div>\n<div style=\"text-align: justify;\">\n<\/div>\n<div style=\"text-align: justify;\">\n<b>Quinta-feira (22\/11)<\/b><\/div>\n<div style=\"text-align: justify;\">\n<\/div>\n<div style=\"text-align: justify;\">\n18h30 Recita\u00e7\u00e3o do ter\u00e7o<\/div>\n<div style=\"text-align: justify;\">\n<\/div>\n<div style=\"text-align: justify;\">\n19h Celebra\u00e7\u00e3o Eucar\u00edstica presidida Pe. Jos\u00e9 Adeildo<\/div>\n<div style=\"text-align: justify;\">\n<\/div>\n<div style=\"text-align: justify;\">\nNoiteiros: S\u00edtios Logradouro e Ch\u00e3 Comprida<\/div>\n<div style=\"text-align: justify;\">\n<\/div>\n<div style=\"text-align: justify;\">\nParticipa\u00e7\u00e3o: As fam\u00edlias<\/div>\n<div style=\"text-align: justify;\">\n<\/div>\n<div style=\"text-align: justify;\">\nAnima\u00e7\u00e3o: Minist\u00e9rio de M\u00fasica Lume Novo<\/div>\n<div style=\"text-align: justify;\">\n<\/div>\n<div style=\"text-align: justify;\">\n<b>Sexta-feira (23\/11)<\/b><\/div>\n<div style=\"text-align: justify;\">\n<\/div>\n<div style=\"text-align: justify;\">\n19h Recita\u00e7\u00e3o do ter\u00e7o<\/div>\n<div style=\"text-align: justify;\">\n<\/div>\n<div style=\"text-align: justify;\">\n19h30 Celebra\u00e7\u00e3o Eucar\u00edstica presidida pelo Pe. Emerson Mozart<\/div>\n<div style=\"text-align: justify;\">\n<\/div>\n<div style=\"text-align: justify;\">\nNoiteiros: Comerciantes locais<\/div>\n<div style=\"text-align: justify;\">\n<\/div>\n<div style=\"text-align: justify;\">\nParticipa\u00e7\u00e3o: Homens do ter\u00e7o<\/div>\n<div style=\"text-align: justify;\">\n<\/div>\n<div style=\"text-align: justify;\">\nAnima\u00e7\u00e3o: Minist\u00e9rio de M\u00fasica Santa Clara<\/div>\n<div style=\"text-align: justify;\">\n<\/div>\n<div style=\"text-align: justify;\">\n<b>S\u00e1bado (24\/11) \u2013 Dia da Festa<\/b><\/div>\n<div style=\"text-align: justify;\">\n<\/div>\n<div style=\"text-align: justify;\">\n5h Alvorada Festiva e Of\u00edcio de Nossa Senhora<\/div>\n<div style=\"text-align: justify;\">\n<\/div>\n<div style=\"text-align: justify;\">\n12h Alvorada Festiva<\/div>\n<div style=\"text-align: justify;\">\n<\/div>\n<div style=\"text-align: justify;\">\n16h Of\u00edcio de Nossa Senhora<\/div>\n<div style=\"text-align: justify;\">\n<\/div>\n<div style=\"text-align: justify;\">\n17h30 Prociss\u00e3o com a imagem de Nossa Senhora do Livramento<\/div>\n<div style=\"text-align: justify;\">\n<\/div>\n<div style=\"text-align: justify;\">\n18h30 Celebra\u00e7\u00e3o Eucar\u00edstica de encerramento da Festa presidida pelo Pe. Jos\u00e9 Adeildo<\/div>\n<div style=\"text-align: justify;\">\nAnima\u00e7\u00e3o: Minist\u00e9rio de M\u00fasica Fonte de Lume Novo.<\/div>\n<div style=\"text-align: justify;\">\n<\/div>\n","protected":false},"excerpt":{"rendered":"<p>A comunidade cat\u00f3lica do distrito da Vila Trapi\u00e1, na Zona Rural de Riacho das Almas, est\u00e1 celebrando deste a \u00faltima&hellip;<\/p>\n","protected":false},"author":1,"featured_media":0,"comment_status":"open","ping_status":"open","sticky":false,"template":"","format":"standard","meta":{"footnotes":""},"categories":[1],"tags":[2,611,6],"class_list":["post-674","post","type-post","status-publish","format-standard","hentry","category-sem-categoria","tag-blog-do-edvaldo-magalhaes","tag-comunidade-da-vila-trapia-celebra-95a-festa-de-nossa-senhora-do-livramento","tag-noticias"],"_links":{"self":[{"href":"https:\/\/blogdoedvaldomagalhaes.com.br\/index.php\/wp-json\/wp\/v2\/posts\/674","targetHints":{"allow":["GET"]}}],"collection":[{"href":"https:\/\/blogdoedvaldomagalhaes.com.br\/index.php\/wp-json\/wp\/v2\/posts"}],"about":[{"href":"https:\/\/blogdoedvaldomagalhaes.com.br\/index.php\/wp-json\/wp\/v2\/types\/post"}],"author":[{"embeddable":true,"href":"https:\/\/blogdoedvaldomagalhaes.com.br\/index.php\/wp-json\/wp\/v2\/users\/1"}],"replies":[{"embeddable":true,"href":"https:\/\/blogdoedvaldomagalhaes.com.br\/index.php\/wp-json\/wp\/v2\/comments?post=674"}],"version-history":[{"count":1,"href":"https:\/\/blogdoedvaldomagalhaes.com.br\/index.php\/wp-json\/wp\/v2\/posts\/674\/revisions"}],"predecessor-version":[{"id":35989,"href":"https:\/\/blogdoedvaldomagalhaes.com.br\/index.php\/wp-json\/wp\/v2\/posts\/674\/revisions\/35989"}],"wp:attachment":[{"href":"https:\/\/blogdoedvaldomagalhaes.com.br\/index.php\/wp-json\/wp\/v2\/media?parent=674"}],"wp:term":[{"taxonomy":"category","embeddable":true,"href":"https:\/\/blogdoedvaldomagalhaes.com.br\/index.php\/wp-json\/wp\/v2\/categories?post=674"},{"taxonomy":"post_tag","embeddable":true,"href":"https:\/\/blogdoedvaldomagalhaes.com.br\/index.php\/wp-json\/wp\/v2\/tags?post=674"}],"curies":[{"name":"wp","href":"https:\/\/api.w.org\/{rel}","templated":true}]}}