{"id":67396,"date":"2021-03-02T21:32:39","date_gmt":"2021-03-03T00:32:39","guid":{"rendered":"https:\/\/blogdoedvaldomagalhaes.com.br\/?p=67396"},"modified":"2021-03-02T21:32:41","modified_gmt":"2021-03-03T00:32:41","slug":"tony-gel-foi-relator-do-projeto-que-proibe-discriminacao-em-elevadores","status":"publish","type":"post","link":"https:\/\/blogdoedvaldomagalhaes.com.br\/index.php\/2021\/03\/02\/tony-gel-foi-relator-do-projeto-que-proibe-discriminacao-em-elevadores\/","title":{"rendered":"Tony Gel foi relator do projeto que proibe discrimina\u00e7\u00e3o em elevadores"},"content":{"rendered":"<p style=\"text-align: justify;\"><span style=\"font-size: inherit;\">Condom\u00ednios p\u00fablicos e privados de Pernambuco poder\u00e3o ser proibidos de estabelecer regras consideradas discriminat\u00f3rias para o acesso aos elevadores dos edif\u00edcios. \u00c9 o que prev\u00ea o\u00a0Projeto de Lei (PL) n\u00ba 1681\/2020, de iniciativa do mandato coletivo\u00a0Juntas\u00a0(PSOL), aprovado pela\u00a0Comiss\u00e3o de Justi\u00e7a\u00a0nesta segunda (1\u00ba).<\/span><\/p>\n<p style=\"text-align: justify;\">A proposta pretende que os crit\u00e9rios adotados sejam impessoais, sendo os equipamentos sociais destinados ao transporte de pessoas, enquanto os de servi\u00e7o, para cargas, compras ou animais, por exemplo.<\/p>\n<p style=\"text-align: justify;\">O deputado estadual\u00a0Tony Gel\u00a0(MDB), foi o relator da mat\u00e9ria que veda a discrimina\u00e7\u00e3o em virtude de ra\u00e7a, sexo, cor, origem, condi\u00e7\u00e3o social, profiss\u00e3o, idade, defici\u00eancia ou doen\u00e7a n\u00e3o contagiosa.<\/p>\n<p style=\"text-align: justify;\">Condom\u00ednios poder\u00e3o deixar de exigir que empregadas dom\u00e9sticas e prestadores de servi\u00e7o usem apenas o elevador de servi\u00e7o, fato que representa uma pr\u00e1tica discriminat\u00f3ria. A propositura que foi aprovada na CCJ da Alepe, com Tony Gel na relatoria, est\u00e1<br \/>\namparada na\u00a0legisla\u00e7\u00e3o federal, que prev\u00ea reclus\u00e3o de um a tr\u00eas anos a quem impedir o acesso de pessoas \u00e0s entradas sociais de edif\u00edcios p\u00fablicos ou residenciais em raz\u00e3o de ra\u00e7a, cor, etnia ou religi\u00e3o. E de acordo com o PL, dever\u00e1 constar nos elevadores um cartaz informativo sobre a proibi\u00e7\u00e3o. Infratores poder\u00e3o sofrer advert\u00eancias ou multas entre R$ 500 e R$ 5 mil, a depender do porte do empreendimento ou condom\u00ednio, assim como das circunst\u00e2ncias do ato. Em institui\u00e7\u00f5es p\u00fablicas, o descumprimento ser\u00e1 punido com a responsabiliza\u00e7\u00e3o administrativa dos dirigentes.<\/p>\n","protected":false},"excerpt":{"rendered":"<p>Condom\u00ednios p\u00fablicos e privados de Pernambuco poder\u00e3o ser proibidos de estabelecer regras consideradas discriminat\u00f3rias para o acesso aos elevadores dos&hellip;<\/p>\n","protected":false},"author":1,"featured_media":67397,"comment_status":"open","ping_status":"open","sticky":false,"template":"","format":"standard","meta":{"footnotes":""},"categories":[14122],"tags":[2,19532,20,20972],"class_list":["post-67396","post","type-post","status-publish","format-standard","has-post-thumbnail","hentry","category-politica","tag-blog-do-edvaldo-magalhaes","tag-blog-mais-acessado-e-visualizado-de-caruaru-e-regiao","tag-politica","tag-tony-gel-foi-relator-do-projeto-que-proibe-discriminacao-em-elevadores"],"_links":{"self":[{"href":"https:\/\/blogdoedvaldomagalhaes.com.br\/index.php\/wp-json\/wp\/v2\/posts\/67396","targetHints":{"allow":["GET"]}}],"collection":[{"href":"https:\/\/blogdoedvaldomagalhaes.com.br\/index.php\/wp-json\/wp\/v2\/posts"}],"about":[{"href":"https:\/\/blogdoedvaldomagalhaes.com.br\/index.php\/wp-json\/wp\/v2\/types\/post"}],"author":[{"embeddable":true,"href":"https:\/\/blogdoedvaldomagalhaes.com.br\/index.php\/wp-json\/wp\/v2\/users\/1"}],"replies":[{"embeddable":true,"href":"https:\/\/blogdoedvaldomagalhaes.com.br\/index.php\/wp-json\/wp\/v2\/comments?post=67396"}],"version-history":[{"count":1,"href":"https:\/\/blogdoedvaldomagalhaes.com.br\/index.php\/wp-json\/wp\/v2\/posts\/67396\/revisions"}],"predecessor-version":[{"id":67398,"href":"https:\/\/blogdoedvaldomagalhaes.com.br\/index.php\/wp-json\/wp\/v2\/posts\/67396\/revisions\/67398"}],"wp:featuredmedia":[{"embeddable":true,"href":"https:\/\/blogdoedvaldomagalhaes.com.br\/index.php\/wp-json\/wp\/v2\/media\/67397"}],"wp:attachment":[{"href":"https:\/\/blogdoedvaldomagalhaes.com.br\/index.php\/wp-json\/wp\/v2\/media?parent=67396"}],"wp:term":[{"taxonomy":"category","embeddable":true,"href":"https:\/\/blogdoedvaldomagalhaes.com.br\/index.php\/wp-json\/wp\/v2\/categories?post=67396"},{"taxonomy":"post_tag","embeddable":true,"href":"https:\/\/blogdoedvaldomagalhaes.com.br\/index.php\/wp-json\/wp\/v2\/tags?post=67396"}],"curies":[{"name":"wp","href":"https:\/\/api.w.org\/{rel}","templated":true}]}}