{"id":67392,"date":"2021-03-02T20:21:41","date_gmt":"2021-03-02T23:21:41","guid":{"rendered":"https:\/\/blogdoedvaldomagalhaes.com.br\/?p=67392"},"modified":"2021-03-02T20:21:43","modified_gmt":"2021-03-02T23:21:43","slug":"governo-pe-negocia-compra-de-vacina-estado-registra-1-330-novos-casos-de-covid-19-abertos-novos-leitos-de-uti-balanco-da-vacina","status":"publish","type":"post","link":"https:\/\/blogdoedvaldomagalhaes.com.br\/index.php\/2021\/03\/02\/governo-pe-negocia-compra-de-vacina-estado-registra-1-330-novos-casos-de-covid-19-abertos-novos-leitos-de-uti-balanco-da-vacina\/","title":{"rendered":"Governo-PE negocia compra de vacina; Estado registra 1.330 novos casos de covid-19; Abertos novos leitos de UTI; Balan\u00e7o da Vacina"},"content":{"rendered":"<p style=\"text-align: justify;\"><span lang=\"PT\">A Secretaria Estadual de Sa\u00fade (SES-PE) registrou, nesta ter\u00e7a-feira (02\/03),&nbsp;1.330 casos da Covid-19. Entre os confirmados hoje,&nbsp;64 (5%) s\u00e3o casos de S\u00edndrome Respirat\u00f3ria Aguda Grave (SRAG) e&nbsp;1.266&nbsp;(95%) s\u00e3o leves. Agora, Pernambuco totaliza&nbsp;301.434 casos confirmados da doen\u00e7a, sendo&nbsp;32.563 graves e&nbsp;268.871 leves,&nbsp;que est\u00e3o distribu\u00eddos por todos os 184 munic\u00edpios pernambucanos, al\u00e9m do arquip\u00e9lago de Fernando de Noronha.<\/span><\/p>\n<p style=\"text-align: justify;\"><span lang=\"PT\">Al\u00e9m disso, o boletim registra um total de 259.687 pacientes recuperados da doen\u00e7a. Destes, 19.810 eram pacientes graves, que necessitaram de internamento hospitalar, e 239.877 eram casos leves.<\/span><\/p>\n<p style=\"text-align: justify;\"><span lang=\"PT\">Tamb\u00e9m foram confirmados laboratorialmente 23 novos \u00f3bitos (11 masculinos e 12 femininos),&nbsp;ocorridos entre os dias 24\/12\/2020 e 1\u00ba\/03\/2021.&nbsp;As novas mortes&nbsp;s\u00e3o&nbsp;de pessoas residentes dos munic\u00edpios de Canhotinho (1), Carpina (1), Caruaru (1), Cust\u00f3dia (1), Fernando de Noronha (1), Ipojuca (1), Jaboat\u00e3o dos Guararapes (3),&nbsp;Palmares (1),&nbsp;Parnamirim (1), Petrolina (3), Recife (5),&nbsp;Salgueiro (1), S\u00e3o Jo\u00e3o (1),&nbsp;Serra Talhada (1) e&nbsp;Tamandar\u00e9 (1).&nbsp;Com isso, o Estado totaliza 11.030 mortes pela doen\u00e7a.<\/span><\/p>\n<p style=\"text-align: justify;\"><span lang=\"PT\">Os pacientes tinham idades entre 50 e 91 anos.&nbsp;As faixas et\u00e1rias s\u00e3o: 50 a 59 (7), 60 a<\/span><span lang=\"PT\">&nbsp;69 (4), 70 a 79 (5) e 80 ou mais (7). Do total, 16 tinham doen\u00e7as pr\u00e9-existentes: diabetes (7),&nbsp;doen\u00e7a cardiovascular (7),&nbsp;hipertens\u00e3o (5),&nbsp;tabagismo\/hist\u00f3rico de tabagismo (4),&nbsp;doen\u00e7a respirat\u00f3ria (3),&nbsp;&nbsp;obesidade (2), etilismo\/hist\u00f3rico de etilismo (1) e&nbsp;imunossupress\u00e3o (1)&nbsp;&#8211; um paciente pode ter mais de uma comorbidade. Os demais seguem em investiga\u00e7\u00e3o.<\/span><\/p>\n<p style=\"text-align: justify;\"><span lang=\"PT\">Com rela\u00e7\u00e3o \u00e0 testagem dos profissionais de sa\u00fade com sintomas de gripe, em Pernambuco, at\u00e9&nbsp;agora, 26.626 casos foram confirmados e 46.568 descartados. As testagens entre os trabalhadores do setor abrangem os profissionais de todas as unidades de sa\u00fade, sejam da rede p\u00fablica (estadual e municipal) ou privada. O Governo de Pernambuco foi o primeiro do pa\u00eds a criar um protocolo para testar e afastar os profissionais da \u00e1rea da sa\u00fade com sintomas gripais.<\/span><\/p>\n<p style=\"text-align: justify;\"><b><span lang=\"PT\">TERAPIA INTENSIVA &#8211;&nbsp;<\/span><\/b><span lang=\"PT\">Mais 23 leitos de UTI para pacientes com s\u00edndrome respirat\u00f3ria aguda grave (Srag), suspeitos ou confirmados para Covid-19, foram abertos em Pernambuco nas \u00faltimas horas. No Hospital Agamenon Magalh\u00e3es (HAM), localizado na zona norte do Recife, foram disponibilizadas mais 18 vagas, totalizando 43 de terapia intensiva no servi\u00e7o. J\u00e1 em Salgueiro, no Sert\u00e3o Central, foram abertos 5 leitos no Hospital Regional In\u00e1cio de S\u00e1, que duplica sua capacidade, chegando a 10. Com isso, o Estado totaliza 1.039 leitos de UTI.<\/span><\/p>\n<p style=\"text-align: justify;\"><span lang=\"PT\">Essas novas vagas somam-se as 22 de UTI abertas no \u00faltimo s\u00e1bado (27\/02), sendo 20 no Hospital Eduardo Campos da Pessoa Idosa, na capital pernambucana, e 2 no Hospital Rui de Barros Correia, localizado em Arcoverde, no Sert\u00e3o do Moxot\u00f3. A expectativa \u00e9 que cerca de 30 leitos ainda sejam disponibilizados esta semana.<\/span><\/p>\n<p style=\"text-align: justify;\">&#8220;Temos um monitoramento permanente e di\u00e1rio da pandemia da Covid-19 em Pernambuco e estamos&nbsp;atento&nbsp;aos indicadores de todas as regi\u00f5es do Estado. A partir dos dados epidemiol\u00f3gicos e das solicita\u00e7\u00f5es de leito das \u00faltimas semanas, estamos fazendo as amplia\u00e7\u00f5es necess\u00e1rias na rede para garantir o atendimento a todos que precisarem. O Estado tem trabalhado para ofertar a assist\u00eancia necess\u00e1ria e tamb\u00e9m nas a\u00e7\u00f5es de preven\u00e7\u00e3o, mas precisamos contar com o apoio de todos para frear a acelera\u00e7\u00e3o da doen\u00e7a. Precisamos respeitar os protocolos e decretos sanit\u00e1rios, diminuir o contato social, refor\u00e7ar as medidas de higiene e continuar usando m\u00e1scara. S\u00f3 assim poderemos evitar adoecimentos e, principalmente, mais \u00f3bitos&#8221;, afirma o secret\u00e1rio estadual de Sa\u00fade, Andr\u00e9 Longo.<\/p>\n<p style=\"text-align: justify;\"><b><span lang=\"PT\">S\u00cdNDROME PEDI\u00c1TRICA &#8211;<\/span><\/b><span lang=\"PT\">&nbsp;A Secretaria Estadual de Sa\u00fade informa que n\u00e3o foram registrados novos casos da S\u00edndrome Inflamat\u00f3ria Multissist\u00eamica (SIM-P). At\u00e9 o momento, continuam as 28 ocorr\u00eancias j\u00e1 divulgadas: 26 evolu\u00edram para cura e alta hospitalar e 2 vieram a \u00f3bito.<\/span><\/p>\n<p style=\"text-align: justify;\"><b><span lang=\"PT\">SPUTNIK V<\/span><\/b><span lang=\"PT\">&nbsp;&#8211; O governador Paulo C\u00e2mara visitou, nesta ter\u00e7a-feira (02.03), a f\u00e1brica da Uni\u00e3o Qu\u00edmica, em Santa Maria, Distrito Federal, onde \u00e9 produzida a vacina Sputnik V, da R\u00fassia. Ao lado de outros governadores, Paulo C\u00e2mara conheceu as instala\u00e7\u00f5es e participou de reuni\u00e3o com o CEO da Uni\u00e3o Qu\u00edmica, Fernando Marques, e o diretor de Neg\u00f3cios Internacionais da empresa, Rog\u00e9rio Rosso, al\u00e9m do embaixador da R\u00fassia no Brasil, Sergey Akopov. A inten\u00e7\u00e3o dos governadores \u00e9 negociar com a f\u00e1brica a compra direta da vacina, caso o governo federal n\u00e3o tenha condi\u00e7\u00f5es de atender os Estados na distribui\u00e7\u00e3o do imunizante.<\/span><\/p>\n<p style=\"text-align: justify;\"><span lang=\"PT\">\u201cA documenta\u00e7\u00e3o da Sputnik V foi entregue \u00e0 Anvisa e, havendo autoriza\u00e7\u00e3o, j\u00e1 deveremos ter, a partir do m\u00eas de abril, a fabrica\u00e7\u00e3o desse imunizante no Brasil. Isso vai nos ajudar a acelerar o processo de vacina\u00e7\u00e3o da nossa popula\u00e7\u00e3o, juntamente com a produ\u00e7\u00e3o dos laborat\u00f3rios Butantan e Fiocruz, para termos mais op\u00e7\u00f5es de vacinas. At\u00e9 porque, a quantidade de vacinas, hoje, ainda est\u00e1 bem aqu\u00e9m do necess\u00e1rio para garantirmos uma cobertura satisfat\u00f3ria para a popula\u00e7\u00e3o brasileira\u201d, afirmou Paulo C\u00e2mara, lembrando que a Sputnik V apresentou um n\u00edvel de efic\u00e1cia acima de 90% contra o novo coronav\u00edrus na \u00faltima etapa de testes no seu pa\u00eds de origem.<\/span><\/p>\n<p style=\"text-align: justify;\"><span lang=\"PT\">Primeira vacina contra a Covid-19 registrada no mundo, ainda em agosto do ano passado, a Sputnik V j\u00e1 come\u00e7ou a ser aplicada na Argentina, pa\u00eds vizinho ao Brasil, com sucesso. A Uni\u00e3o Qu\u00edmica garantiu aos governadores que a R\u00fassia disp\u00f5e de 10 milh\u00f5es de doses da vacina para enviar ao Brasil assim que obtiver a aprova\u00e7\u00e3o na Anvisa, que ainda n\u00e3o ofereceu uma previs\u00e3o de data para a conclus\u00e3o desse processo. Ainda segundo a empresa, at\u00e9 dezembro, a R\u00fassia teria condi\u00e7\u00f5es de produzir e enviar ao Brasil outras 150 milh\u00f5es de doses.<\/span><\/p>\n<p style=\"text-align: justify;\"><b><span lang=\"PT\">VETOS<\/span><\/b><span lang=\"PT\">&nbsp;\u2013 Ap\u00f3s a visita \u00e0 f\u00e1brica da uni\u00e3o Qu\u00edmica, o governador tamb\u00e9m externou sua preocupa\u00e7\u00e3o com os vetos do presidente Jair Bolsonaro a trechos da Medida Provis\u00f3ria das Vacinas. Principalmente o que dificulta a compra de imunizantes diretamente pelos demais entes federativos. Segundo Paulo C\u00e2mara, o Minist\u00e9rio da Sa\u00fade j\u00e1 havia sinalizado a favor, deixando claro que caso houvesse oportunidade a compra poderia ser feita, com a garantia do ressarcimento de recursos aos entes federativos.<\/span><\/p>\n<p style=\"text-align: justify;\">Da mesma forma, o governador criticou o veto ao dispositivo que dava prazo de cinco dias para a Anvisa aprovar o uso emergencial de vacinas. \u201cSe os organismos internacionais, que t\u00eam tanto crit\u00e9rio na libera\u00e7\u00e3o de vacinas em outros pa\u00edses, est\u00e3o liberando o uso, por que n\u00e3o haver um procedimento mais c\u00e9lere tamb\u00e9m no \u00e2mbito da Anvisa? Precisamos agilizar o plano de vacina\u00e7\u00e3o, com toda a seguran\u00e7a necess\u00e1ria, mas infelizmente o governo federal tem barrado iniciativas legislativas que s\u00e3o fruto de muita discuss\u00e3o no Congresso Nacional\u201d, lamentou Paulo C\u00e2mara.<\/p>\n<p style=\"text-align: justify;\"><b><span lang=\"PT\">APOIO DE LIRA<\/span><\/b><span lang=\"PT\">&nbsp;\u2013 Ainda em Bras\u00edlia, Paulo C\u00e2mara participou de uma videoconfer\u00eancia do F\u00f3rum dos Governadores do Brasil com o presidente da C\u00e2mara dos Deputados, Arthur Lira, para discutir um estreitamento de rela\u00e7\u00f5es entre os Estados e o Legislativo Federal no enfrentamento da pandemia e na celeridade do processo de imuniza\u00e7\u00e3o. Lira se colocou \u00e0 disposi\u00e7\u00e3o dos governadores para fazer avan\u00e7ar essas pautas de interesse maior no Congresso Nacional. \u201cN\u00f3s tamb\u00e9m solicitamos ao presidente da C\u00e2mara agilidade na implanta\u00e7\u00e3o do novo aux\u00edlio emergencial e de outras pautas federativas que possam ajudar nesse ambiente que estamos enfrentando de pandemia e, ao mesmo tempo de desemprego e recess\u00e3o econ\u00f4mica\u201d, completou Paulo C\u00e2mara.<\/span><\/p>\n<p style=\"text-align: justify;\"><b><span lang=\"PT\">BALAN\u00c7O DA VACINA\u00c7\u00c3O<\/span><\/b><span lang=\"PT\">&nbsp;&#8211; Pernambuco j\u00e1 aplicou 431.804 doses da vacina contra a Covid-19, das quais 317.513 foram primeiras doses. Ao todo, foram feitas a primeira dose em 159.246 trabalhadores de sa\u00fade; 23.982 povos ind\u00edgenas aldeados; 5.587 idosos em Institui\u00e7\u00f5es de Longa Perman\u00eancia; 9.964 idosos de 75 a 79 anos; 38.344 idosos de 80 a 84 anos; 79.538 idosos a partir de 85 anos; al\u00e9m de 852 pessoas com defici\u00eancia institucionalizadas.<\/span><\/p>\n<p style=\"text-align: justify;\"><span lang=\"PT\">Em rela\u00e7\u00e3o \u00e0 segunda dose, j\u00e1 foram beneficiados 87.490 trabalhadores de sa\u00fade; 22.193 povos ind\u00edgenas aldeados; 4.077 idosos institucionalizados; 33 idosos a partir de 85 anos e 498 pessoas com defici\u00eancia institucionalizadas; totalizando 114.291 pessoas que j\u00e1 finalizaram o esquema.<\/span><\/p>\n\n\n<figure class=\"wp-block-image size-large\"><img loading=\"lazy\" decoding=\"async\" width=\"1024\" height=\"819\" src=\"https:\/\/blogdoedvaldomagalhaes.com.br\/wp-content\/uploads\/2021\/03\/IMG_20210302_201339-1024x819.jpg\" alt=\"\" class=\"wp-image-67394\" srcset=\"https:\/\/blogdoedvaldomagalhaes.com.br\/wp-content\/uploads\/2021\/03\/IMG_20210302_201339-1024x819.jpg 1024w, https:\/\/blogdoedvaldomagalhaes.com.br\/wp-content\/uploads\/2021\/03\/IMG_20210302_201339-300x240.jpg 300w, https:\/\/blogdoedvaldomagalhaes.com.br\/wp-content\/uploads\/2021\/03\/IMG_20210302_201339-768x614.jpg 768w, https:\/\/blogdoedvaldomagalhaes.com.br\/wp-content\/uploads\/2021\/03\/IMG_20210302_201339.jpg 1250w\" sizes=\"auto, (max-width: 1024px) 100vw, 1024px\" \/><\/figure>\n","protected":false},"excerpt":{"rendered":"<p>A Secretaria Estadual de Sa\u00fade (SES-PE) registrou, nesta ter\u00e7a-feira (02\/03),&nbsp;1.330 casos da Covid-19. Entre os confirmados hoje,&nbsp;64 (5%) s\u00e3o casos&hellip;<\/p>\n","protected":false},"author":1,"featured_media":67393,"comment_status":"open","ping_status":"open","sticky":false,"template":"","format":"standard","meta":{"footnotes":""},"categories":[14120],"tags":[2,19532,20971,6,19670],"class_list":["post-67392","post","type-post","status-publish","format-standard","has-post-thumbnail","hentry","category-noticias","tag-blog-do-edvaldo-magalhaes","tag-blog-mais-acessado-e-visualizado-de-caruaru-e-regiao","tag-governo-pe-negocia-compra-de-vacina-estado-registra-1-330-novos-casos-de-covid-19-abertos-novos-leitos-de-uti-balanco-da-vacina","tag-noticias","tag-novo-coronavirus"],"_links":{"self":[{"href":"https:\/\/blogdoedvaldomagalhaes.com.br\/index.php\/wp-json\/wp\/v2\/posts\/67392","targetHints":{"allow":["GET"]}}],"collection":[{"href":"https:\/\/blogdoedvaldomagalhaes.com.br\/index.php\/wp-json\/wp\/v2\/posts"}],"about":[{"href":"https:\/\/blogdoedvaldomagalhaes.com.br\/index.php\/wp-json\/wp\/v2\/types\/post"}],"author":[{"embeddable":true,"href":"https:\/\/blogdoedvaldomagalhaes.com.br\/index.php\/wp-json\/wp\/v2\/users\/1"}],"replies":[{"embeddable":true,"href":"https:\/\/blogdoedvaldomagalhaes.com.br\/index.php\/wp-json\/wp\/v2\/comments?post=67392"}],"version-history":[{"count":1,"href":"https:\/\/blogdoedvaldomagalhaes.com.br\/index.php\/wp-json\/wp\/v2\/posts\/67392\/revisions"}],"predecessor-version":[{"id":67395,"href":"https:\/\/blogdoedvaldomagalhaes.com.br\/index.php\/wp-json\/wp\/v2\/posts\/67392\/revisions\/67395"}],"wp:featuredmedia":[{"embeddable":true,"href":"https:\/\/blogdoedvaldomagalhaes.com.br\/index.php\/wp-json\/wp\/v2\/media\/67393"}],"wp:attachment":[{"href":"https:\/\/blogdoedvaldomagalhaes.com.br\/index.php\/wp-json\/wp\/v2\/media?parent=67392"}],"wp:term":[{"taxonomy":"category","embeddable":true,"href":"https:\/\/blogdoedvaldomagalhaes.com.br\/index.php\/wp-json\/wp\/v2\/categories?post=67392"},{"taxonomy":"post_tag","embeddable":true,"href":"https:\/\/blogdoedvaldomagalhaes.com.br\/index.php\/wp-json\/wp\/v2\/tags?post=67392"}],"curies":[{"name":"wp","href":"https:\/\/api.w.org\/{rel}","templated":true}]}}