{"id":6738,"date":"2017-02-17T09:00:00","date_gmt":"2017-02-17T11:00:00","guid":{"rendered":"http:\/\/blogdoedvaldomagalhaes.com.br\/index.php\/2017\/02\/17\/identificadas-as-vitimas-de-duplo\/"},"modified":"2019-02-09T01:17:37","modified_gmt":"2019-02-09T03:17:37","slug":"identificadas-as-vitimas-de-duplo","status":"publish","type":"post","link":"https:\/\/blogdoedvaldomagalhaes.com.br\/index.php\/2017\/02\/17\/identificadas-as-vitimas-de-duplo\/","title":{"rendered":"Identificadas as v\u00edtimas de duplo homic\u00eddio dentro de carro em Caruaru"},"content":{"rendered":"<div class=\"separator\" style=\"clear: both; text-align: center;\">\n<a href=\"https:\/\/2.bp.blogspot.com\/-7mql5unI7NQ\/WKa6p51ghKI\/AAAAAAAAP24\/dM3xv5u-PUEDFRMqukjd-kfyggAETpAmgCLcB\/s1600\/crime%2B1.jpg\" imageanchor=\"1\" style=\"margin-left: 1em; margin-right: 1em;\"><img loading=\"lazy\" decoding=\"async\" border=\"0\" height=\"400\" src=\"http:\/\/blogdoedvaldomagalhaes.com.br\/wp-content\/uploads\/2017\/02\/crime1-3.jpg\" width=\"225\" \/><\/a><\/div>\n<div class=\"separator\" style=\"clear: both; text-align: center;\">\n<\/div>\n<div class=\"separator\" style=\"clear: both; text-align: center;\">\n<a href=\"https:\/\/3.bp.blogspot.com\/-SPT6QFsWsjg\/WKa6tcaSHzI\/AAAAAAAAP28\/DgD0BYFL_ZcW2qCzP8-YjVQdduL4xOGdQCLcB\/s1600\/crime%2B2.jpg\" imageanchor=\"1\" style=\"margin-left: 1em; margin-right: 1em;\"><img loading=\"lazy\" decoding=\"async\" border=\"0\" height=\"400\" src=\"http:\/\/blogdoedvaldomagalhaes.com.br\/wp-content\/uploads\/2017\/02\/crime2-2.jpg\" width=\"388\" \/><\/a><\/div>\n<div class=\"separator\" style=\"clear: both; text-align: center;\">\nFoto: Reprodu\u00e7\u00e3o\/WhatsApp<\/div>\n<div class=\"separator\" style=\"clear: both; text-align: center;\">\n<\/div>\n<div style=\"text-align: justify;\">\nAs v\u00edtimas do duplo homic\u00eddio ocorrido nesta quinta feira (16) no s\u00edtio Barbat\u00e3o, na zona rural de Caruaru, foram identificados pelos nomes de Jos\u00e9 Sandro da Silva, 43 anos, morava no alto da Banana, e Matheus Rodrigues da Silva, que foram executados com tiros na cabe\u00e7a.&nbsp;<\/p>\n<p>Segundo informa\u00e7\u00f5es, os dois eram cunhados, sendo que o comerciante Jos\u00e9 Sandro da Silva Sim\u00f5es (dono do ve\u00edculo) morava no Alto da Banana, recebeu um telefonema e convidou o jovem Matheus Rodrigues da Silva, 19 anos, morava no bairro do Riach\u00e3o, para ir com ele. De acordo com uma testemunha, tr\u00eas motos estiveram no local. O carro Gol Gera\u00e7\u00e3o 4 preto tem duas multas, ambas foram na BR-104.<\/p>\n<div class=\"separator\" style=\"clear: both; text-align: center;\">\n<a href=\"http:\/\/blogdoedvaldomagalhaes.com.br\/wp-content\/uploads\/2017\/02\/5-Saga-10.jpg\" imageanchor=\"1\" style=\"clear: left; float: left; margin-bottom: 1em; margin-right: 1em;\"><img decoding=\"async\" border=\"0\" src=\"http:\/\/blogdoedvaldomagalhaes.com.br\/wp-content\/uploads\/2017\/02\/5-Saga-10.jpg\" \/><\/a><\/div>\n<p><\/div>\n","protected":false},"excerpt":{"rendered":"<p>Foto: Reprodu\u00e7\u00e3o\/WhatsApp As v\u00edtimas do duplo homic\u00eddio ocorrido nesta quinta feira (16) no s\u00edtio Barbat\u00e3o, na zona rural de Caruaru,&hellip;<\/p>\n","protected":false},"author":1,"featured_media":0,"comment_status":"open","ping_status":"open","sticky":false,"template":"","format":"standard","meta":{"footnotes":""},"categories":[1],"tags":[8612,3913,992,9175,13],"class_list":["post-6738","post","type-post","status-publish","format-standard","hentry","category-sem-categoria","tag-bairro-alto-da-banana","tag-bairro-riachao","tag-blog-do-edvaldo-do-magalhaes","tag-identificadas-as-vitimas-de-duplo-homicidio-dentro-de-carro-em-caruaru","tag-policial"],"_links":{"self":[{"href":"https:\/\/blogdoedvaldomagalhaes.com.br\/index.php\/wp-json\/wp\/v2\/posts\/6738","targetHints":{"allow":["GET"]}}],"collection":[{"href":"https:\/\/blogdoedvaldomagalhaes.com.br\/index.php\/wp-json\/wp\/v2\/posts"}],"about":[{"href":"https:\/\/blogdoedvaldomagalhaes.com.br\/index.php\/wp-json\/wp\/v2\/types\/post"}],"author":[{"embeddable":true,"href":"https:\/\/blogdoedvaldomagalhaes.com.br\/index.php\/wp-json\/wp\/v2\/users\/1"}],"replies":[{"embeddable":true,"href":"https:\/\/blogdoedvaldomagalhaes.com.br\/index.php\/wp-json\/wp\/v2\/comments?post=6738"}],"version-history":[{"count":1,"href":"https:\/\/blogdoedvaldomagalhaes.com.br\/index.php\/wp-json\/wp\/v2\/posts\/6738\/revisions"}],"predecessor-version":[{"id":17020,"href":"https:\/\/blogdoedvaldomagalhaes.com.br\/index.php\/wp-json\/wp\/v2\/posts\/6738\/revisions\/17020"}],"wp:attachment":[{"href":"https:\/\/blogdoedvaldomagalhaes.com.br\/index.php\/wp-json\/wp\/v2\/media?parent=6738"}],"wp:term":[{"taxonomy":"category","embeddable":true,"href":"https:\/\/blogdoedvaldomagalhaes.com.br\/index.php\/wp-json\/wp\/v2\/categories?post=6738"},{"taxonomy":"post_tag","embeddable":true,"href":"https:\/\/blogdoedvaldomagalhaes.com.br\/index.php\/wp-json\/wp\/v2\/tags?post=6738"}],"curies":[{"name":"wp","href":"https:\/\/api.w.org\/{rel}","templated":true}]}}