{"id":67371,"date":"2021-03-02T14:02:55","date_gmt":"2021-03-02T17:02:55","guid":{"rendered":"https:\/\/blogdoedvaldomagalhaes.com.br\/?p=67371"},"modified":"2021-03-02T14:02:57","modified_gmt":"2021-03-02T17:02:57","slug":"vereador-jorge-quintino-contrata-o-consultor-de-marketing-ibrain-pereira","status":"publish","type":"post","link":"https:\/\/blogdoedvaldomagalhaes.com.br\/index.php\/2021\/03\/02\/vereador-jorge-quintino-contrata-o-consultor-de-marketing-ibrain-pereira\/","title":{"rendered":"Vereador Jorge Quintino contrata o consultor de Marketing Ibrain Pereira"},"content":{"rendered":"<p style=\"text-align: justify;\"><span style=\"font-size: inherit;\">O vereador Jorge Quintino, lan\u00e7a mais um nome para integrar sua equipe. Dessa vez, a novidade \u00e9 o Consultor de Marketing Ibrain Pereira.<\/span><\/p>\n<p style=\"text-align: justify;\">\u201cTenho consci\u00eancia que cada vez mais precisamos gerar conte\u00fados que promovam um melhor engajamento do seu p\u00fablico. Ibrain sem d\u00favida, chega para somar em nosso mandato, com seu profissionalismo e criatividade\u201d, disse Jorge.<\/p>\n<p style=\"text-align: justify;\">Consultor h\u00e1 mais de 22 anos, j\u00e1 atendeu mais 180 empresas por todo territ\u00f3rio nacional. Em Caruaru, teve destaque de atua\u00e7\u00e3o na Faculdade ASCES, onde contribuiu e participou da nova fase da institui\u00e7\u00e3o, durante 14 anos. Ibrain, tamb\u00e9m foi o respons\u00e1vel por tornar o apresentador Ratinho, garoto propaganda da FTB (Farm\u00e1cia do Trabalhador do Brasil). Atualmente, \u00e9 vice-presidente da ADVB-PE (Associa\u00e7\u00e3o de Vendas e Marketing do Brasil).<\/p>\n<p style=\"text-align: justify;\">\u201cN\u00e3o vejo Jorge Quintino apenas como vereador de mandato. Vejo como pol\u00edtico de destaque em diversos seguimentos e regi\u00f5es. Irei promover ainda mais sua imagem, para que o n\u00famero de pessoas que tomem o conhecimento de sua capacidade \u00e0 frente do Poder P\u00fablico, se torne cada vez mais progressivo\u201d, destacou o consultor.<\/p>\n<p style=\"text-align: justify;\">Essa \u00e9 segunda nomea\u00e7\u00e3o que o vereador anuncia no m\u00eas de mar\u00e7o.<\/p>\n","protected":false},"excerpt":{"rendered":"<p>O vereador Jorge Quintino, lan\u00e7a mais um nome para integrar sua equipe. Dessa vez, a novidade \u00e9 o Consultor de&hellip;<\/p>\n","protected":false},"author":1,"featured_media":67372,"comment_status":"open","ping_status":"open","sticky":false,"template":"","format":"standard","meta":{"footnotes":""},"categories":[14122],"tags":[2,19532,1950,20963],"class_list":["post-67371","post","type-post","status-publish","format-standard","has-post-thumbnail","hentry","category-politica","tag-blog-do-edvaldo-magalhaes","tag-blog-mais-acessado-e-visualizado-de-caruaru-e-regiao","tag-noticias-de-caruaru","tag-vereador-jorge-quintino-contrata-o-consultor-de-marketing-ibrain-pereira"],"_links":{"self":[{"href":"https:\/\/blogdoedvaldomagalhaes.com.br\/index.php\/wp-json\/wp\/v2\/posts\/67371","targetHints":{"allow":["GET"]}}],"collection":[{"href":"https:\/\/blogdoedvaldomagalhaes.com.br\/index.php\/wp-json\/wp\/v2\/posts"}],"about":[{"href":"https:\/\/blogdoedvaldomagalhaes.com.br\/index.php\/wp-json\/wp\/v2\/types\/post"}],"author":[{"embeddable":true,"href":"https:\/\/blogdoedvaldomagalhaes.com.br\/index.php\/wp-json\/wp\/v2\/users\/1"}],"replies":[{"embeddable":true,"href":"https:\/\/blogdoedvaldomagalhaes.com.br\/index.php\/wp-json\/wp\/v2\/comments?post=67371"}],"version-history":[{"count":1,"href":"https:\/\/blogdoedvaldomagalhaes.com.br\/index.php\/wp-json\/wp\/v2\/posts\/67371\/revisions"}],"predecessor-version":[{"id":67373,"href":"https:\/\/blogdoedvaldomagalhaes.com.br\/index.php\/wp-json\/wp\/v2\/posts\/67371\/revisions\/67373"}],"wp:featuredmedia":[{"embeddable":true,"href":"https:\/\/blogdoedvaldomagalhaes.com.br\/index.php\/wp-json\/wp\/v2\/media\/67372"}],"wp:attachment":[{"href":"https:\/\/blogdoedvaldomagalhaes.com.br\/index.php\/wp-json\/wp\/v2\/media?parent=67371"}],"wp:term":[{"taxonomy":"category","embeddable":true,"href":"https:\/\/blogdoedvaldomagalhaes.com.br\/index.php\/wp-json\/wp\/v2\/categories?post=67371"},{"taxonomy":"post_tag","embeddable":true,"href":"https:\/\/blogdoedvaldomagalhaes.com.br\/index.php\/wp-json\/wp\/v2\/tags?post=67371"}],"curies":[{"name":"wp","href":"https:\/\/api.w.org\/{rel}","templated":true}]}}