{"id":67368,"date":"2021-03-02T12:51:38","date_gmt":"2021-03-02T15:51:38","guid":{"rendered":"https:\/\/blogdoedvaldomagalhaes.com.br\/?p=67368"},"modified":"2021-03-02T12:51:39","modified_gmt":"2021-03-02T15:51:39","slug":"anderson-correia-se-reune-com-bispo-de-caruaru-para-debater-a-diminuicao-de-fogos-de-estampido","status":"publish","type":"post","link":"https:\/\/blogdoedvaldomagalhaes.com.br\/index.php\/2021\/03\/02\/anderson-correia-se-reune-com-bispo-de-caruaru-para-debater-a-diminuicao-de-fogos-de-estampido\/","title":{"rendered":"Anderson Correia se re\u00fane com Bispo de Caruaru para debater a diminui\u00e7\u00e3o de fogos de estampido"},"content":{"rendered":"<p style=\"text-align: justify;\"><span style=\"font-size: inherit;\">Com base na CARTA ENC\u00cdCLICA LAUDATO SI\u2019 do Santo Padre Francisco, o vereador Anderson Correia (PP) se reuniu com o Bispo da Diocese de Caruaru, Dom Jos\u00e9 Ruy Gon\u00e7alves Lopes, na manh\u00e3 desta ter\u00e7a-feira (02), com objetivo de apresentar a pauta animalista, principal bandeira do parlamentar.<\/span><\/p>\n<p style=\"text-align: justify;\">O assunto em destaque da audi\u00eancia foi sobre os fogos com estampido nas festividades da Diocese de Caruaru, assunto de preocupa\u00e7\u00e3o do edil que vai enviar um of\u00edcio requerendo a diminui\u00e7\u00e3o deste tipo de fogos para essas ocasi\u00f5es.<\/p>\n<p style=\"text-align: justify;\">\u201cFoi muito importante esse encontro com o Bispo Dom Jos\u00e9 Ruy, para tratar um assunto que \u00e9 muito delicado, que s\u00e3o os fogos de estampido, por trazerem muitos transtornos quando utilizados e o barulho proveniente destes fogos atingem a audi\u00e7\u00e3o dos animais. S\u00e3o situa\u00e7\u00f5es que causam medo, estresse, agita\u00e7\u00e3o e pode causar ferimentos quando os animais buscam por abrigo, al\u00e9m de desencadear sintomas como v\u00f4mito e diarreia\u201d, destaca o vereador.<\/p>\n<p style=\"text-align: justify;\">O parlamentar tamb\u00e9m ressaltou a sensibilidade do bispo caruaruense em rela\u00e7\u00e3o ao tema, destacando o benef\u00edcio que essas medidas trar\u00e3o n\u00e3o s\u00f3 para os animais n\u00e3o-humanos, mas para diversas pessoas.<\/p>\n<p style=\"text-align: justify;\">\u201cDom Jos\u00e9 Ruy \u00e9 muito sens\u00edvel a causa e sa\u00edmos satisfeitos da audi\u00eancia para que os idosos, crian\u00e7as, autistas e os animais n\u00e3o-humanos ganhem com essa diminui\u00e7\u00e3o dos estampidos. Quero agradecer a receptividade que tivemos e enaltecer a Diocese de Caruaru pela ocasi\u00e3o e abertura do debate em prol de melhorias para nossa popula\u00e7\u00e3o\u201d, completa Correia.<\/p>\n","protected":false},"excerpt":{"rendered":"<p>Com base na CARTA ENC\u00cdCLICA LAUDATO SI\u2019 do Santo Padre Francisco, o vereador Anderson Correia (PP) se reuniu com o&hellip;<\/p>\n","protected":false},"author":1,"featured_media":67369,"comment_status":"open","ping_status":"open","sticky":false,"template":"","format":"standard","meta":{"footnotes":""},"categories":[14122],"tags":[20962,2,19532,1950],"class_list":["post-67368","post","type-post","status-publish","format-standard","has-post-thumbnail","hentry","category-politica","tag-anderson-correia-se-reune-com-bispo-de-caruaru-para-debater-a-diminuicao-de-fogos-de-estampido","tag-blog-do-edvaldo-magalhaes","tag-blog-mais-acessado-e-visualizado-de-caruaru-e-regiao","tag-noticias-de-caruaru"],"_links":{"self":[{"href":"https:\/\/blogdoedvaldomagalhaes.com.br\/index.php\/wp-json\/wp\/v2\/posts\/67368","targetHints":{"allow":["GET"]}}],"collection":[{"href":"https:\/\/blogdoedvaldomagalhaes.com.br\/index.php\/wp-json\/wp\/v2\/posts"}],"about":[{"href":"https:\/\/blogdoedvaldomagalhaes.com.br\/index.php\/wp-json\/wp\/v2\/types\/post"}],"author":[{"embeddable":true,"href":"https:\/\/blogdoedvaldomagalhaes.com.br\/index.php\/wp-json\/wp\/v2\/users\/1"}],"replies":[{"embeddable":true,"href":"https:\/\/blogdoedvaldomagalhaes.com.br\/index.php\/wp-json\/wp\/v2\/comments?post=67368"}],"version-history":[{"count":1,"href":"https:\/\/blogdoedvaldomagalhaes.com.br\/index.php\/wp-json\/wp\/v2\/posts\/67368\/revisions"}],"predecessor-version":[{"id":67370,"href":"https:\/\/blogdoedvaldomagalhaes.com.br\/index.php\/wp-json\/wp\/v2\/posts\/67368\/revisions\/67370"}],"wp:featuredmedia":[{"embeddable":true,"href":"https:\/\/blogdoedvaldomagalhaes.com.br\/index.php\/wp-json\/wp\/v2\/media\/67369"}],"wp:attachment":[{"href":"https:\/\/blogdoedvaldomagalhaes.com.br\/index.php\/wp-json\/wp\/v2\/media?parent=67368"}],"wp:term":[{"taxonomy":"category","embeddable":true,"href":"https:\/\/blogdoedvaldomagalhaes.com.br\/index.php\/wp-json\/wp\/v2\/categories?post=67368"},{"taxonomy":"post_tag","embeddable":true,"href":"https:\/\/blogdoedvaldomagalhaes.com.br\/index.php\/wp-json\/wp\/v2\/tags?post=67368"}],"curies":[{"name":"wp","href":"https:\/\/api.w.org\/{rel}","templated":true}]}}