{"id":673,"date":"2018-11-19T10:45:00","date_gmt":"2018-11-19T12:45:00","guid":{"rendered":"http:\/\/blogdoedvaldomagalhaes.com.br\/index.php\/2018\/11\/19\/3-feirao-de-empregabilidade-para\/"},"modified":"2019-02-09T02:42:03","modified_gmt":"2019-02-09T04:42:03","slug":"3-feirao-de-empregabilidade-para","status":"publish","type":"post","link":"https:\/\/blogdoedvaldomagalhaes.com.br\/index.php\/2018\/11\/19\/3-feirao-de-empregabilidade-para\/","title":{"rendered":"3\u00ba Feir\u00e3o de Empregabilidade para Pessoas com Defici\u00eancia e Jovem Aprendiz em Caruaru nesta ter\u00e7a (20)"},"content":{"rendered":"<div class=\"separator\" style=\"clear: both; text-align: center;\">\n<a href=\"https:\/\/2.bp.blogspot.com\/-V2t1CqT-PJY\/W_KUD6YQnNI\/AAAAAAAA98E\/gc2zCbRIspoWaNmleY3JK0tiunmH28e6QCLcBGAs\/s1600\/2.JPG\" imageanchor=\"1\" style=\"margin-left: 1em; margin-right: 1em;\"><img loading=\"lazy\" decoding=\"async\" border=\"0\" data-original-height=\"1065\" data-original-width=\"1600\" height=\"424\" src=\"http:\/\/blogdoedvaldomagalhaes.com.br\/wp-content\/uploads\/2018\/11\/2-10.jpg\" width=\"640\" \/><\/a><\/div>\n<div class=\"separator\" style=\"clear: both; text-align: center;\">\nFotos: Jana\u00edna Pepeu\/Divulga\u00e7\u00e3o<\/div>\n<div style=\"text-align: justify;\">\n<\/div>\n<div style=\"text-align: justify;\">\nNesta ter\u00e7a-feira (20) ser\u00e1 realizado o III Feir\u00e3o de Empregabilidade para Pessoas com Defici\u00eancia e Jovem Aprendiz de Caruaru. O evento produzido pela Prefeitura de Caruaru, atrav\u00e9s da Secretaria de Desenvolvimento Social e Direitos Humanos, em parceria com a Secretaria de Desenvolvimento Econ\u00f4mico\/Economia Criativa, contar\u00e1 com diversas empresas parceiras que ir\u00e3o ofertar vagas para os candidatos. A a\u00e7\u00e3o ser\u00e1 realizada no Espa\u00e7o de Eventos do Caruaru Shopping, das 9h \u00e0s 17h, onde os candidatos ter\u00e3o \u00e0 disposi\u00e7\u00e3o uma estrutura composta por estandes de atendimentos das empresas parceiras com a oferta do n\u00famero de vagas e a exposi\u00e7\u00e3o do material de divulga\u00e7\u00e3o institucional.<\/div>\n<div style=\"text-align: justify;\">\n<\/div>\n<div style=\"text-align: justify;\">\nO feir\u00e3o ser\u00e1 tamb\u00e9m uma oportunidade de promover a aprendizagem com as oficinas de forma\u00e7\u00e3o profissional que ser\u00e3o ministradas no local para os interessados. Os candidatos que n\u00e3o tiverem condi\u00e7\u00f5es de levar o curr\u00edculo pronto poder\u00e3o contar com uma equipe que estar\u00e1 confeccionando o documento no local, e poder\u00e3o entregar diretamente \u00e0s empresas expositoras do feir\u00e3o, no caso de possibilidade ou interesse de contrata\u00e7\u00e3o. O Minist\u00e9rio do Trabalho estar\u00e1 presente fornecendo Carteira de Trabalho e o Caruaru Shopping \u00e9 um importante parceiro que ir\u00e1 possibilitar toda a execu\u00e7\u00e3o da a\u00e7\u00e3o.<\/div>\n<div style=\"text-align: justify;\">\n<\/div>\n<div style=\"text-align: justify;\">\nAs ofertas de emprego ser\u00e3o voltadas para quem tem entre 14 e 24 anos, no caso do Jovem Aprendiz, e para pessoas com defici\u00eancia, sem limite de idade. As inscri\u00e7\u00f5es est\u00e3o abertas at\u00e9 o dia 19 de novembro, atrav\u00e9s do link do Conecta Oportunidades: http:\/\/conectaoportunidades.caruaru.pe.gov.br\/feirao-da-empregabilidade. Quem n\u00e3o conseguir fazer o cadastro on-line, poder\u00e1 realiz\u00e1-lo de forma presencial, no dia do evento.<\/div>\n<div style=\"text-align: justify;\">\n<\/div>\n<div style=\"text-align: justify;\">\nDe acordo com dados do censo do IBGE de 2010, em Caruaru existem mais de 40 mil pessoas com defici\u00eancia, o que representa 15% da popula\u00e7\u00e3o do munic\u00edpio, e 89.845 jovens entre 14 e 24 anos, que corresponde \u00e0 28,5% dos caruaruenses.<\/div>\n<div style=\"text-align: justify;\">\n<\/div>\n<div style=\"text-align: justify;\">\n<\/div>\n","protected":false},"excerpt":{"rendered":"<p>Fotos: Jana\u00edna Pepeu\/Divulga\u00e7\u00e3o Nesta ter\u00e7a-feira (20) ser\u00e1 realizado o III Feir\u00e3o de Empregabilidade para Pessoas com Defici\u00eancia e Jovem Aprendiz&hellip;<\/p>\n","protected":false},"author":1,"featured_media":0,"comment_status":"open","ping_status":"open","sticky":false,"template":"","format":"standard","meta":{"footnotes":""},"categories":[1],"tags":[610,2,6],"class_list":["post-673","post","type-post","status-publish","format-standard","hentry","category-sem-categoria","tag-3o-feirao-de-empregabilidade-para-pessoas-com-deficiencia-e-jovem-aprendiz-em-caruaru-nesta-terca-20","tag-blog-do-edvaldo-magalhaes","tag-noticias"],"_links":{"self":[{"href":"https:\/\/blogdoedvaldomagalhaes.com.br\/index.php\/wp-json\/wp\/v2\/posts\/673","targetHints":{"allow":["GET"]}}],"collection":[{"href":"https:\/\/blogdoedvaldomagalhaes.com.br\/index.php\/wp-json\/wp\/v2\/posts"}],"about":[{"href":"https:\/\/blogdoedvaldomagalhaes.com.br\/index.php\/wp-json\/wp\/v2\/types\/post"}],"author":[{"embeddable":true,"href":"https:\/\/blogdoedvaldomagalhaes.com.br\/index.php\/wp-json\/wp\/v2\/users\/1"}],"replies":[{"embeddable":true,"href":"https:\/\/blogdoedvaldomagalhaes.com.br\/index.php\/wp-json\/wp\/v2\/comments?post=673"}],"version-history":[{"count":1,"href":"https:\/\/blogdoedvaldomagalhaes.com.br\/index.php\/wp-json\/wp\/v2\/posts\/673\/revisions"}],"predecessor-version":[{"id":35991,"href":"https:\/\/blogdoedvaldomagalhaes.com.br\/index.php\/wp-json\/wp\/v2\/posts\/673\/revisions\/35991"}],"wp:attachment":[{"href":"https:\/\/blogdoedvaldomagalhaes.com.br\/index.php\/wp-json\/wp\/v2\/media?parent=673"}],"wp:term":[{"taxonomy":"category","embeddable":true,"href":"https:\/\/blogdoedvaldomagalhaes.com.br\/index.php\/wp-json\/wp\/v2\/categories?post=673"},{"taxonomy":"post_tag","embeddable":true,"href":"https:\/\/blogdoedvaldomagalhaes.com.br\/index.php\/wp-json\/wp\/v2\/tags?post=673"}],"curies":[{"name":"wp","href":"https:\/\/api.w.org\/{rel}","templated":true}]}}