{"id":67250,"date":"2021-02-26T13:35:06","date_gmt":"2021-02-26T16:35:06","guid":{"rendered":"https:\/\/blogdoedvaldomagalhaes.com.br\/?p=67250"},"modified":"2021-02-26T13:35:07","modified_gmt":"2021-02-26T16:35:07","slug":"suspeito-de-cometer-assalto-morre-apos-trocar-tiros-com-a-policia-em-caruaru","status":"publish","type":"post","link":"https:\/\/blogdoedvaldomagalhaes.com.br\/index.php\/2021\/02\/26\/suspeito-de-cometer-assalto-morre-apos-trocar-tiros-com-a-policia-em-caruaru\/","title":{"rendered":"Suspeito de cometer assalto morre ap\u00f3s trocar tiros com a pol\u00edcia em Caruaru"},"content":{"rendered":"<p style=\"text-align: justify;\">Uma persegui\u00e7\u00e3o terminou com um suspeito morto nesta quinta-feira (25), na PE-145, pr\u00f3ximo do distrito de Ita\u00fana, zona rural de Caruaru, Agreste de Pernambuco. A a\u00e7\u00e3o teve in\u00edcio em Fazenda Nova, Brejo da Madre de Deus, quando dois assaltantes furaram o bloqueio ap\u00f3s terem roubado um ve\u00edculo Toyota lota\u00e7\u00e3o e um caminh\u00e3o guincho.<\/p>\n<p style=\"text-align: justify;\">A dupla se envolveu em um acidente e trocou tiros com o efetivo da Pol\u00edcia Militar. O suspeito baleado foi socorrido para o Hospital Municipal Nossa Senhora de F\u00e1tima, em Toritama, onde faleceu. Os policiais apreenderam um rev\u00f3lver calibre 38. O outro suspeito conseguiu fugir.<\/p>\n<p style=\"text-align: justify;\">Por Helenivaldo Pereira.<\/p>\n","protected":false},"excerpt":{"rendered":"<p>Uma persegui\u00e7\u00e3o terminou com um suspeito morto nesta quinta-feira (25), na PE-145, pr\u00f3ximo do distrito de Ita\u00fana, zona rural de&hellip;<\/p>\n","protected":false},"author":1,"featured_media":67251,"comment_status":"open","ping_status":"open","sticky":false,"template":"","format":"standard","meta":{"footnotes":""},"categories":[14121],"tags":[2,19532,1950,905,20931],"class_list":["post-67250","post","type-post","status-publish","format-standard","has-post-thumbnail","hentry","category-policial","tag-blog-do-edvaldo-magalhaes","tag-blog-mais-acessado-e-visualizado-de-caruaru-e-regiao","tag-noticias-de-caruaru","tag-policia","tag-suspeito-de-cometer-assalto-morre-apos-trocar-tiros-com-a-policia-em-caruaru"],"_links":{"self":[{"href":"https:\/\/blogdoedvaldomagalhaes.com.br\/index.php\/wp-json\/wp\/v2\/posts\/67250","targetHints":{"allow":["GET"]}}],"collection":[{"href":"https:\/\/blogdoedvaldomagalhaes.com.br\/index.php\/wp-json\/wp\/v2\/posts"}],"about":[{"href":"https:\/\/blogdoedvaldomagalhaes.com.br\/index.php\/wp-json\/wp\/v2\/types\/post"}],"author":[{"embeddable":true,"href":"https:\/\/blogdoedvaldomagalhaes.com.br\/index.php\/wp-json\/wp\/v2\/users\/1"}],"replies":[{"embeddable":true,"href":"https:\/\/blogdoedvaldomagalhaes.com.br\/index.php\/wp-json\/wp\/v2\/comments?post=67250"}],"version-history":[{"count":1,"href":"https:\/\/blogdoedvaldomagalhaes.com.br\/index.php\/wp-json\/wp\/v2\/posts\/67250\/revisions"}],"predecessor-version":[{"id":67252,"href":"https:\/\/blogdoedvaldomagalhaes.com.br\/index.php\/wp-json\/wp\/v2\/posts\/67250\/revisions\/67252"}],"wp:featuredmedia":[{"embeddable":true,"href":"https:\/\/blogdoedvaldomagalhaes.com.br\/index.php\/wp-json\/wp\/v2\/media\/67251"}],"wp:attachment":[{"href":"https:\/\/blogdoedvaldomagalhaes.com.br\/index.php\/wp-json\/wp\/v2\/media?parent=67250"}],"wp:term":[{"taxonomy":"category","embeddable":true,"href":"https:\/\/blogdoedvaldomagalhaes.com.br\/index.php\/wp-json\/wp\/v2\/categories?post=67250"},{"taxonomy":"post_tag","embeddable":true,"href":"https:\/\/blogdoedvaldomagalhaes.com.br\/index.php\/wp-json\/wp\/v2\/tags?post=67250"}],"curies":[{"name":"wp","href":"https:\/\/api.w.org\/{rel}","templated":true}]}}