{"id":67246,"date":"2021-02-26T13:22:35","date_gmt":"2021-02-26T16:22:35","guid":{"rendered":"https:\/\/blogdoedvaldomagalhaes.com.br\/?p=67246"},"modified":"2021-02-26T13:22:36","modified_gmt":"2021-02-26T16:22:36","slug":"deputado-tony-gel-solicita-ao-governo-do-estado-implantacao-de-unidade-do-procon-em-toritama","status":"publish","type":"post","link":"https:\/\/blogdoedvaldomagalhaes.com.br\/index.php\/2021\/02\/26\/deputado-tony-gel-solicita-ao-governo-do-estado-implantacao-de-unidade-do-procon-em-toritama\/","title":{"rendered":"Deputado Tony Gel solicita ao Governo do Estado implanta\u00e7\u00e3o de unidade do Procon em Toritama"},"content":{"rendered":"<p style=\"text-align: justify;\">O deputado estadual Tony Gel, do MDB, solicitou nesta sexta-feira (26), ao governador Paulo C\u00e2mara e ao Secret\u00e1rio de Justi\u00e7a e Direitos Humanos, Pedro Eurico, esfor\u00e7os no sentido de que seja implantado um n\u00facleo do Procon em Toritama, no Agreste pernambucano. O parlamentar destacou que o pedido visa atender a uma necessidade da popula\u00e7\u00e3o do munic\u00edpio, onde o prefeito Edilson Tavares j\u00e1 expressou total vontade de estabelecer uma parceria com o Estado, para tornar poss\u00edvel a instala\u00e7\u00e3o do \u00f3rg\u00e3o na Terra do Jeans.<\/p>\n<p style=\"text-align: justify;\">Tony Gel informou que em Toritama existe a necessidade de contar com uma unidade do Procon para atender moradores, visitantes e consumidores que fazem suas compras ou contratam servi\u00e7os, muitos dos quais est\u00e3o sendo lesados e n\u00e3o est\u00e3o tendo a quem recorrer. \u201cEntendemos a urg\u00eancia de sanar muitos problemas vividos pela popula\u00e7\u00e3o fixa e flutuante do referido munic\u00edpio, garantir ao consumidor de Toritama o direito de ter um \u00f3rg\u00e3o que fiscalize e auxilie no cumprimento das normas legais do com\u00e9rcio e presta\u00e7\u00e3o de servi\u00e7os tem sido uma preocupa\u00e7\u00e3o n\u00e3o s\u00f3 nossa, mas tamb\u00e9m do prefeito Edilson Tavares\u201d, disse o deputado.<\/p>\n","protected":false},"excerpt":{"rendered":"<p>O deputado estadual Tony Gel, do MDB, solicitou nesta sexta-feira (26), ao governador Paulo C\u00e2mara e ao Secret\u00e1rio de Justi\u00e7a&hellip;<\/p>\n","protected":false},"author":1,"featured_media":67247,"comment_status":"open","ping_status":"open","sticky":false,"template":"","format":"standard","meta":{"footnotes":""},"categories":[14122],"tags":[2,19532,20929,20],"class_list":["post-67246","post","type-post","status-publish","format-standard","has-post-thumbnail","hentry","category-politica","tag-blog-do-edvaldo-magalhaes","tag-blog-mais-acessado-e-visualizado-de-caruaru-e-regiao","tag-deputado-tony-gel-solicita-ao-governo-do-estado-implantacao-de-unidade-do-procon-em-toritama","tag-politica"],"_links":{"self":[{"href":"https:\/\/blogdoedvaldomagalhaes.com.br\/index.php\/wp-json\/wp\/v2\/posts\/67246","targetHints":{"allow":["GET"]}}],"collection":[{"href":"https:\/\/blogdoedvaldomagalhaes.com.br\/index.php\/wp-json\/wp\/v2\/posts"}],"about":[{"href":"https:\/\/blogdoedvaldomagalhaes.com.br\/index.php\/wp-json\/wp\/v2\/types\/post"}],"author":[{"embeddable":true,"href":"https:\/\/blogdoedvaldomagalhaes.com.br\/index.php\/wp-json\/wp\/v2\/users\/1"}],"replies":[{"embeddable":true,"href":"https:\/\/blogdoedvaldomagalhaes.com.br\/index.php\/wp-json\/wp\/v2\/comments?post=67246"}],"version-history":[{"count":1,"href":"https:\/\/blogdoedvaldomagalhaes.com.br\/index.php\/wp-json\/wp\/v2\/posts\/67246\/revisions"}],"predecessor-version":[{"id":67248,"href":"https:\/\/blogdoedvaldomagalhaes.com.br\/index.php\/wp-json\/wp\/v2\/posts\/67246\/revisions\/67248"}],"wp:featuredmedia":[{"embeddable":true,"href":"https:\/\/blogdoedvaldomagalhaes.com.br\/index.php\/wp-json\/wp\/v2\/media\/67247"}],"wp:attachment":[{"href":"https:\/\/blogdoedvaldomagalhaes.com.br\/index.php\/wp-json\/wp\/v2\/media?parent=67246"}],"wp:term":[{"taxonomy":"category","embeddable":true,"href":"https:\/\/blogdoedvaldomagalhaes.com.br\/index.php\/wp-json\/wp\/v2\/categories?post=67246"},{"taxonomy":"post_tag","embeddable":true,"href":"https:\/\/blogdoedvaldomagalhaes.com.br\/index.php\/wp-json\/wp\/v2\/tags?post=67246"}],"curies":[{"name":"wp","href":"https:\/\/api.w.org\/{rel}","templated":true}]}}