{"id":67243,"date":"2021-02-26T08:08:29","date_gmt":"2021-02-26T11:08:29","guid":{"rendered":"https:\/\/blogdoedvaldomagalhaes.com.br\/?p=67243"},"modified":"2021-02-26T13:30:00","modified_gmt":"2021-02-26T16:30:00","slug":"policia-desarticula-em-caruaru-quadrilha-criminosa-de-trafico-de-drogas-crime-ambiental-e-tentativa-de-homicidio","status":"publish","type":"post","link":"https:\/\/blogdoedvaldomagalhaes.com.br\/index.php\/2021\/02\/26\/policia-desarticula-em-caruaru-quadrilha-criminosa-de-trafico-de-drogas-crime-ambiental-e-tentativa-de-homicidio\/","title":{"rendered":"Pol\u00edcia desarticula em Caruaru, quadrilha criminosa de tr\u00e1fico de drogas, crime ambiental e tentativa de homic\u00eddio"},"content":{"rendered":"<p style=\"text-align: justify;\">Com apoio da Pol\u00edcia Militar, a Pol\u00edcia Civil deflagrou uma opera\u00e7\u00e3o na manh\u00e3 desta sexta-feira, Caruaru. O objetivo \u00e9 desarticular quadrilha criminosa voltada para tr\u00e1fico de drogas, crime ambiental e tentativa de homic\u00eddio.<\/p>\n<p style=\"text-align: justify;\">Durante a a\u00e7\u00e3o, denominada \u201cMayday\u201d, foram cumpridos 8 mandados de pris\u00e3o e 9 mandados de busca e apreens\u00e3o domiciliar, expedidos pela Vara do Tribunal do J\u00fari da Comarca de Caruaru.<\/p>\n","protected":false},"excerpt":{"rendered":"<p>Com apoio da Pol\u00edcia Militar, a Pol\u00edcia Civil deflagrou uma opera\u00e7\u00e3o na manh\u00e3 desta sexta-feira, Caruaru. O objetivo \u00e9 desarticular&hellip;<\/p>\n","protected":false},"author":1,"featured_media":67244,"comment_status":"open","ping_status":"open","sticky":false,"template":"","format":"standard","meta":{"footnotes":""},"categories":[14121],"tags":[2,19532,1950,905,20928],"class_list":["post-67243","post","type-post","status-publish","format-standard","has-post-thumbnail","hentry","category-policial","tag-blog-do-edvaldo-magalhaes","tag-blog-mais-acessado-e-visualizado-de-caruaru-e-regiao","tag-noticias-de-caruaru","tag-policia","tag-policia-desarticula-em-caruaru-quadrilha-criminosa-de-trafico-de-drogas-crime-ambiental-e-tentativa-de-homicidio"],"_links":{"self":[{"href":"https:\/\/blogdoedvaldomagalhaes.com.br\/index.php\/wp-json\/wp\/v2\/posts\/67243","targetHints":{"allow":["GET"]}}],"collection":[{"href":"https:\/\/blogdoedvaldomagalhaes.com.br\/index.php\/wp-json\/wp\/v2\/posts"}],"about":[{"href":"https:\/\/blogdoedvaldomagalhaes.com.br\/index.php\/wp-json\/wp\/v2\/types\/post"}],"author":[{"embeddable":true,"href":"https:\/\/blogdoedvaldomagalhaes.com.br\/index.php\/wp-json\/wp\/v2\/users\/1"}],"replies":[{"embeddable":true,"href":"https:\/\/blogdoedvaldomagalhaes.com.br\/index.php\/wp-json\/wp\/v2\/comments?post=67243"}],"version-history":[{"count":2,"href":"https:\/\/blogdoedvaldomagalhaes.com.br\/index.php\/wp-json\/wp\/v2\/posts\/67243\/revisions"}],"predecessor-version":[{"id":67249,"href":"https:\/\/blogdoedvaldomagalhaes.com.br\/index.php\/wp-json\/wp\/v2\/posts\/67243\/revisions\/67249"}],"wp:featuredmedia":[{"embeddable":true,"href":"https:\/\/blogdoedvaldomagalhaes.com.br\/index.php\/wp-json\/wp\/v2\/media\/67244"}],"wp:attachment":[{"href":"https:\/\/blogdoedvaldomagalhaes.com.br\/index.php\/wp-json\/wp\/v2\/media?parent=67243"}],"wp:term":[{"taxonomy":"category","embeddable":true,"href":"https:\/\/blogdoedvaldomagalhaes.com.br\/index.php\/wp-json\/wp\/v2\/categories?post=67243"},{"taxonomy":"post_tag","embeddable":true,"href":"https:\/\/blogdoedvaldomagalhaes.com.br\/index.php\/wp-json\/wp\/v2\/tags?post=67243"}],"curies":[{"name":"wp","href":"https:\/\/api.w.org\/{rel}","templated":true}]}}