{"id":67235,"date":"2021-02-26T07:35:06","date_gmt":"2021-02-26T10:35:06","guid":{"rendered":"https:\/\/blogdoedvaldomagalhaes.com.br\/?p=67235"},"modified":"2021-02-26T07:43:29","modified_gmt":"2021-02-26T10:43:29","slug":"vereador-cabo-cardoso-solicita-criacao-de-area-verde-implantacao-de-camera-de-vigilancia-e-calcamento","status":"publish","type":"post","link":"https:\/\/blogdoedvaldomagalhaes.com.br\/index.php\/2021\/02\/26\/vereador-cabo-cardoso-solicita-criacao-de-area-verde-implantacao-de-camera-de-vigilancia-e-calcamento\/","title":{"rendered":"Vereador Cabo Cardoso solicita cria\u00e7\u00e3o de \u00e1rea verde; implanta\u00e7\u00e3o de c\u00e2mera de vigil\u00e2ncia e cal\u00e7amento"},"content":{"rendered":"<p style=\"text-align: justify;\">O vereador Cabo Cardoso (PP), apresentou quatro proposituras que foram aprovadas por unanimidade, durante a reuni\u00e3o Plen\u00e1ria Virtual da C\u00e2mara Municipal de Caruaru, nessa quinta-feira (25). Confira:<\/p>\n<p style=\"text-align: justify;\">Solicita a SEURB, a implanta\u00e7\u00e3o de lombadas f\u00edsicas no loteamento Mirante Do Vale.<\/p>\n<p style=\"text-align: justify;\">Solicita a cria\u00e7\u00e3o de \u00e1rea verde e equipamentos comunit\u00e1rios no Loteamento Mirante do Vale.<\/p>\n<p style=\"text-align: justify;\">Solicito a conclus\u00e3o de um pequeno trecho de cal\u00e7amento na 2\u00b0 Tr. Henrique Soares.<\/p>\n<p style=\"text-align: justify;\">Solicito a SDS, a implanta\u00e7\u00e3o de c\u00e2mera de vigil\u00e2ncia na entrada do Loteamento Mirante do Vale.<\/p>\n<p style=\"text-align: justify;\">\n","protected":false},"excerpt":{"rendered":"<p>O vereador Cabo Cardoso (PP), apresentou quatro proposituras que foram aprovadas por unanimidade, durante a reuni\u00e3o Plen\u00e1ria Virtual da C\u00e2mara&hellip;<\/p>\n","protected":false},"author":1,"featured_media":67236,"comment_status":"open","ping_status":"open","sticky":false,"template":"","format":"standard","meta":{"footnotes":""},"categories":[14122],"tags":[2,19532,20,20926],"class_list":["post-67235","post","type-post","status-publish","format-standard","has-post-thumbnail","hentry","category-politica","tag-blog-do-edvaldo-magalhaes","tag-blog-mais-acessado-e-visualizado-de-caruaru-e-regiao","tag-politica","tag-vereador-cabo-cardoso-solicita-criacao-de-area-verde-implantacao-de-camera-de-vigilancia-e-calcamento"],"_links":{"self":[{"href":"https:\/\/blogdoedvaldomagalhaes.com.br\/index.php\/wp-json\/wp\/v2\/posts\/67235","targetHints":{"allow":["GET"]}}],"collection":[{"href":"https:\/\/blogdoedvaldomagalhaes.com.br\/index.php\/wp-json\/wp\/v2\/posts"}],"about":[{"href":"https:\/\/blogdoedvaldomagalhaes.com.br\/index.php\/wp-json\/wp\/v2\/types\/post"}],"author":[{"embeddable":true,"href":"https:\/\/blogdoedvaldomagalhaes.com.br\/index.php\/wp-json\/wp\/v2\/users\/1"}],"replies":[{"embeddable":true,"href":"https:\/\/blogdoedvaldomagalhaes.com.br\/index.php\/wp-json\/wp\/v2\/comments?post=67235"}],"version-history":[{"count":3,"href":"https:\/\/blogdoedvaldomagalhaes.com.br\/index.php\/wp-json\/wp\/v2\/posts\/67235\/revisions"}],"predecessor-version":[{"id":67239,"href":"https:\/\/blogdoedvaldomagalhaes.com.br\/index.php\/wp-json\/wp\/v2\/posts\/67235\/revisions\/67239"}],"wp:featuredmedia":[{"embeddable":true,"href":"https:\/\/blogdoedvaldomagalhaes.com.br\/index.php\/wp-json\/wp\/v2\/media\/67236"}],"wp:attachment":[{"href":"https:\/\/blogdoedvaldomagalhaes.com.br\/index.php\/wp-json\/wp\/v2\/media?parent=67235"}],"wp:term":[{"taxonomy":"category","embeddable":true,"href":"https:\/\/blogdoedvaldomagalhaes.com.br\/index.php\/wp-json\/wp\/v2\/categories?post=67235"},{"taxonomy":"post_tag","embeddable":true,"href":"https:\/\/blogdoedvaldomagalhaes.com.br\/index.php\/wp-json\/wp\/v2\/tags?post=67235"}],"curies":[{"name":"wp","href":"https:\/\/api.w.org\/{rel}","templated":true}]}}