{"id":67232,"date":"2021-02-25T20:45:37","date_gmt":"2021-02-25T23:45:37","guid":{"rendered":"https:\/\/blogdoedvaldomagalhaes.com.br\/?p=67232"},"modified":"2021-02-25T20:45:39","modified_gmt":"2021-02-25T23:45:39","slug":"diretoria-do-central-se-reune-com-a-presidente-da-acic","status":"publish","type":"post","link":"https:\/\/blogdoedvaldomagalhaes.com.br\/index.php\/2021\/02\/25\/diretoria-do-central-se-reune-com-a-presidente-da-acic\/","title":{"rendered":"Diretoria do Central se re\u00fane com a Presidente da ACIC"},"content":{"rendered":"<p style=\"text-align: justify;\">A diretoria do Central Sport Club foi recebida nesta quinta-feira (25), pela presidente da ACIC (Associa\u00e7\u00e3o Comercial e Empresarial de Caruaru), Ivania Porto.<\/p>\n<p style=\"text-align: justify;\">O encontro foi para falar sobre planejamento estrat\u00e9gico, gest\u00e3o e aproximar as duas institui\u00e7\u00f5es centen\u00e1rias da nossa Caruaru.<\/p>\n<p style=\"text-align: justify;\">Cada vez mais o Central precisa dialogar com as institui\u00e7\u00f5es da cidade para fortalecer parcerias para o crescimento do clube, que representa a Capital do Agreste por onde vai.<\/p>\n<p style=\"text-align: justify;\">Estiveram presentes representando o Central, o Presidente Alexandre Leite, o Vice-Presidente Clenio Lima e o Conselheiro Divanilson Galindo.<\/p>\n","protected":false},"excerpt":{"rendered":"<p>A diretoria do Central Sport Club foi recebida nesta quinta-feira (25), pela presidente da ACIC (Associa\u00e7\u00e3o Comercial e Empresarial de&hellip;<\/p>\n","protected":false},"author":1,"featured_media":67233,"comment_status":"open","ping_status":"open","sticky":false,"template":"","format":"standard","meta":{"footnotes":""},"categories":[14123],"tags":[2,19532,2954,20925],"class_list":["post-67232","post","type-post","status-publish","format-standard","has-post-thumbnail","hentry","category-futebol","tag-blog-do-edvaldo-magalhaes","tag-blog-mais-acessado-e-visualizado-de-caruaru-e-regiao","tag-central-sport-club","tag-diretoria-do-central-se-reune-com-a-presidente-da-acic"],"_links":{"self":[{"href":"https:\/\/blogdoedvaldomagalhaes.com.br\/index.php\/wp-json\/wp\/v2\/posts\/67232","targetHints":{"allow":["GET"]}}],"collection":[{"href":"https:\/\/blogdoedvaldomagalhaes.com.br\/index.php\/wp-json\/wp\/v2\/posts"}],"about":[{"href":"https:\/\/blogdoedvaldomagalhaes.com.br\/index.php\/wp-json\/wp\/v2\/types\/post"}],"author":[{"embeddable":true,"href":"https:\/\/blogdoedvaldomagalhaes.com.br\/index.php\/wp-json\/wp\/v2\/users\/1"}],"replies":[{"embeddable":true,"href":"https:\/\/blogdoedvaldomagalhaes.com.br\/index.php\/wp-json\/wp\/v2\/comments?post=67232"}],"version-history":[{"count":1,"href":"https:\/\/blogdoedvaldomagalhaes.com.br\/index.php\/wp-json\/wp\/v2\/posts\/67232\/revisions"}],"predecessor-version":[{"id":67234,"href":"https:\/\/blogdoedvaldomagalhaes.com.br\/index.php\/wp-json\/wp\/v2\/posts\/67232\/revisions\/67234"}],"wp:featuredmedia":[{"embeddable":true,"href":"https:\/\/blogdoedvaldomagalhaes.com.br\/index.php\/wp-json\/wp\/v2\/media\/67233"}],"wp:attachment":[{"href":"https:\/\/blogdoedvaldomagalhaes.com.br\/index.php\/wp-json\/wp\/v2\/media?parent=67232"}],"wp:term":[{"taxonomy":"category","embeddable":true,"href":"https:\/\/blogdoedvaldomagalhaes.com.br\/index.php\/wp-json\/wp\/v2\/categories?post=67232"},{"taxonomy":"post_tag","embeddable":true,"href":"https:\/\/blogdoedvaldomagalhaes.com.br\/index.php\/wp-json\/wp\/v2\/tags?post=67232"}],"curies":[{"name":"wp","href":"https:\/\/api.w.org\/{rel}","templated":true}]}}