{"id":67228,"date":"2021-02-25T16:06:37","date_gmt":"2021-02-25T19:06:37","guid":{"rendered":"https:\/\/blogdoedvaldomagalhaes.com.br\/?p=67228"},"modified":"2021-02-25T16:06:39","modified_gmt":"2021-02-25T19:06:39","slug":"carro-roubado-em-2014-em-caruaru-e-recuperado-em-garanhuns-e-motorista-e-detido","status":"publish","type":"post","link":"https:\/\/blogdoedvaldomagalhaes.com.br\/index.php\/2021\/02\/25\/carro-roubado-em-2014-em-caruaru-e-recuperado-em-garanhuns-e-motorista-e-detido\/","title":{"rendered":"Carro roubado em 2014 em Caruaru \u00e9 recuperado em Garanhuns e motorista \u00e9 detido"},"content":{"rendered":"<p style=\"text-align: justify;\">Em uma a\u00e7\u00e3o de fiscaliza\u00e7\u00e3o realizada na nesta quarta-feira (25), um homem foi detido pela Pol\u00edcia Rodovi\u00e1ria Federal (PRF), na BR 424, em Garanhuns, Agreste de Pernambuco. O ve\u00edculo havia sido roubado em Caruaru, tamb\u00e9m no Agreste, em fevereiro de 2014.<\/p>\n<p style=\"text-align: justify;\">Pol\u00edcias deram ordem de parada a um ve\u00edculo, sendo solicitado ao motorista que apresentasse o Certificado de Registro de Licenciamento (CRLV). Ap\u00f3s consulta aos sistemas da PRF, foi verificado que o documento era falso e o ve\u00edculo tinha sido clonado.<\/p>\n<p style=\"text-align: justify;\">O condutor informou que havia comprado o ve\u00edculo por R$8.000, em esp\u00e9cie, a uma pessoa que comprava queijo e que n\u00e3o lembrava mais do seu nome, pois j\u00e1 havia se passaram mais de seis anos da compra. <br \/><br \/>O homem e o ve\u00edculo foram encaminhados para a Delegacia da Pol\u00edcia Civil de Garanhuns, que dar\u00e1 prosseguimento \u00e0s medidas legais cab\u00edveis.<\/p>\n\n\n<figure class=\"wp-block-image size-large\"><img loading=\"lazy\" decoding=\"async\" width=\"1024\" height=\"768\" src=\"https:\/\/blogdoedvaldomagalhaes.com.br\/wp-content\/uploads\/2021\/02\/IMG-20210225-WA0210-1024x768.jpg\" alt=\"\" class=\"wp-image-67230\" srcset=\"https:\/\/blogdoedvaldomagalhaes.com.br\/wp-content\/uploads\/2021\/02\/IMG-20210225-WA0210-1024x768.jpg 1024w, https:\/\/blogdoedvaldomagalhaes.com.br\/wp-content\/uploads\/2021\/02\/IMG-20210225-WA0210-300x225.jpg 300w, https:\/\/blogdoedvaldomagalhaes.com.br\/wp-content\/uploads\/2021\/02\/IMG-20210225-WA0210-768x576.jpg 768w, https:\/\/blogdoedvaldomagalhaes.com.br\/wp-content\/uploads\/2021\/02\/IMG-20210225-WA0210-1536x1153.jpg 1536w, https:\/\/blogdoedvaldomagalhaes.com.br\/wp-content\/uploads\/2021\/02\/IMG-20210225-WA0210-160x120.jpg 160w, https:\/\/blogdoedvaldomagalhaes.com.br\/wp-content\/uploads\/2021\/02\/IMG-20210225-WA0210.jpg 1599w\" sizes=\"auto, (max-width: 1024px) 100vw, 1024px\" \/><figcaption>Fotos: PRF\/Divulga\u00e7\u00e3o <\/figcaption><\/figure>\n","protected":false},"excerpt":{"rendered":"<p>Em uma a\u00e7\u00e3o de fiscaliza\u00e7\u00e3o realizada na nesta quarta-feira (25), um homem foi detido pela Pol\u00edcia Rodovi\u00e1ria Federal (PRF), na&hellip;<\/p>\n","protected":false},"author":1,"featured_media":67229,"comment_status":"open","ping_status":"open","sticky":false,"template":"","format":"standard","meta":{"footnotes":""},"categories":[14121],"tags":[2,19532,20924,1950],"class_list":["post-67228","post","type-post","status-publish","format-standard","has-post-thumbnail","hentry","category-policial","tag-blog-do-edvaldo-magalhaes","tag-blog-mais-acessado-e-visualizado-de-caruaru-e-regiao","tag-carro-roubado-em-2014-em-caruaru-e-recuperado-em-garanhuns-e-motorista-e-detido","tag-noticias-de-caruaru"],"_links":{"self":[{"href":"https:\/\/blogdoedvaldomagalhaes.com.br\/index.php\/wp-json\/wp\/v2\/posts\/67228","targetHints":{"allow":["GET"]}}],"collection":[{"href":"https:\/\/blogdoedvaldomagalhaes.com.br\/index.php\/wp-json\/wp\/v2\/posts"}],"about":[{"href":"https:\/\/blogdoedvaldomagalhaes.com.br\/index.php\/wp-json\/wp\/v2\/types\/post"}],"author":[{"embeddable":true,"href":"https:\/\/blogdoedvaldomagalhaes.com.br\/index.php\/wp-json\/wp\/v2\/users\/1"}],"replies":[{"embeddable":true,"href":"https:\/\/blogdoedvaldomagalhaes.com.br\/index.php\/wp-json\/wp\/v2\/comments?post=67228"}],"version-history":[{"count":1,"href":"https:\/\/blogdoedvaldomagalhaes.com.br\/index.php\/wp-json\/wp\/v2\/posts\/67228\/revisions"}],"predecessor-version":[{"id":67231,"href":"https:\/\/blogdoedvaldomagalhaes.com.br\/index.php\/wp-json\/wp\/v2\/posts\/67228\/revisions\/67231"}],"wp:featuredmedia":[{"embeddable":true,"href":"https:\/\/blogdoedvaldomagalhaes.com.br\/index.php\/wp-json\/wp\/v2\/media\/67229"}],"wp:attachment":[{"href":"https:\/\/blogdoedvaldomagalhaes.com.br\/index.php\/wp-json\/wp\/v2\/media?parent=67228"}],"wp:term":[{"taxonomy":"category","embeddable":true,"href":"https:\/\/blogdoedvaldomagalhaes.com.br\/index.php\/wp-json\/wp\/v2\/categories?post=67228"},{"taxonomy":"post_tag","embeddable":true,"href":"https:\/\/blogdoedvaldomagalhaes.com.br\/index.php\/wp-json\/wp\/v2\/tags?post=67228"}],"curies":[{"name":"wp","href":"https:\/\/api.w.org\/{rel}","templated":true}]}}