{"id":67225,"date":"2021-02-25T15:41:08","date_gmt":"2021-02-25T18:41:08","guid":{"rendered":"https:\/\/blogdoedvaldomagalhaes.com.br\/?p=67225"},"modified":"2021-02-25T15:41:10","modified_gmt":"2021-02-25T18:41:10","slug":"caruaru-comeca-a-vacinar-idosos-a-partir-de-80-anos-contra-a-covid-19","status":"publish","type":"post","link":"https:\/\/blogdoedvaldomagalhaes.com.br\/index.php\/2021\/02\/25\/caruaru-comeca-a-vacinar-idosos-a-partir-de-80-anos-contra-a-covid-19\/","title":{"rendered":"Caruaru come\u00e7a a vacinar idosos a partir de 80 anos contra a Covid-19"},"content":{"rendered":"<p style=\"text-align: justify;\"><span style=\"font-size: inherit;\">Com a chegada de novas doses da vacina contra a Covid-19, a Secretaria de Sa\u00fade de Caruaru, se prepara para ampliar a vacina\u00e7\u00e3o para os idosos com mais de 80 anos. A a\u00e7\u00e3o acontece nos dias 1\u2070, 2 e 3 de mar\u00e7o, das 8h \u00e0s 16h, no Espa\u00e7o Cultural Tancredo Neves.<\/span><\/p>\n<p style=\"text-align: justify;\">Para receber a dose, os idosos devem realizar o agendamento a partir desta quinta-feira (25), pelo Disque Vacina, atrav\u00e9s do n\u00famero 0800 281 7080. &#8220;O agendamento tamb\u00e9m deve ser feito para atendimento dos idosos acamados na mesma faixa et\u00e1ria&#8221;, adiantou Breno Feitoza, secret\u00e1rio de Sa\u00fade do munic\u00edpio.<\/p>\n<p style=\"text-align: justify;\">No dia da vacina\u00e7\u00e3o \u00e9 preciso apresentar os seguintes documentos: RG, c\u00f3pia do CPF ou CNS, comprovante de resid\u00eancia, cart\u00e3o de vacina (se tiver) e declara\u00e7\u00e3o de v\u00ednculo (para profissionais da sa\u00fade).<\/p>\n<p style=\"text-align: justify;\">J\u00e1 a vacina\u00e7\u00e3o dos profissionais da sa\u00fade da chamada faixa vermelha, os considerados com maior risco de contamina\u00e7\u00e3o, acontece nesta quinta-feira (25), tamb\u00e9m no Espa\u00e7o Cultural, das 8h \u00e0s 16h. Entre os profissionais, est\u00e3o os de laborat\u00f3rios de an\u00e1lises cl\u00ednicas, os que atuam na Vigil\u00e2ncia Sanit\u00e1ria e os da sa\u00fade, lotados na \u00faltima sele\u00e7\u00e3o. &#8220;A estimativa \u00e9 vacinar mais de 600 trabalhadores que j\u00e1 foram contatados pela Secretaria de Sa\u00fade, por meio de agendamento pr\u00e9vio&#8221;, afirmou o secret\u00e1rio.<\/p>\n<p style=\"text-align: justify;\">Breno Feitoza informou tamb\u00e9m que Caruaru recebeu, hoje, 3.770 doses de vacina. Sendo, 2.520 da AstraZeneca, destinada aos idosos, e 1.250 da SinoVac, para os profissionais de sa\u00fade.<\/p>\n<p style=\"text-align: justify;\">Idosos 85 +: <span style=\"font-size: inherit;\">Os idosos com mais de 85 anos, que ainda n\u00e3o se vacinaram, tamb\u00e9m poder\u00e3o garantir a primeira dose. O agendamento deve ser feito pelo Disque Vacina, seguindo as orienta\u00e7\u00f5es descritas acima.<\/span><\/p>\n","protected":false},"excerpt":{"rendered":"<p>Com a chegada de novas doses da vacina contra a Covid-19, a Secretaria de Sa\u00fade de Caruaru, se prepara para&hellip;<\/p>\n","protected":false},"author":1,"featured_media":67226,"comment_status":"open","ping_status":"open","sticky":false,"template":"","format":"standard","meta":{"footnotes":""},"categories":[14120],"tags":[2,19532,20923,19670],"class_list":["post-67225","post","type-post","status-publish","format-standard","has-post-thumbnail","hentry","category-noticias","tag-blog-do-edvaldo-magalhaes","tag-blog-mais-acessado-e-visualizado-de-caruaru-e-regiao","tag-caruaru-comeca-a-vacinar-idosos-a-partir-de-80-anos-contra-a-covid-19","tag-novo-coronavirus"],"_links":{"self":[{"href":"https:\/\/blogdoedvaldomagalhaes.com.br\/index.php\/wp-json\/wp\/v2\/posts\/67225","targetHints":{"allow":["GET"]}}],"collection":[{"href":"https:\/\/blogdoedvaldomagalhaes.com.br\/index.php\/wp-json\/wp\/v2\/posts"}],"about":[{"href":"https:\/\/blogdoedvaldomagalhaes.com.br\/index.php\/wp-json\/wp\/v2\/types\/post"}],"author":[{"embeddable":true,"href":"https:\/\/blogdoedvaldomagalhaes.com.br\/index.php\/wp-json\/wp\/v2\/users\/1"}],"replies":[{"embeddable":true,"href":"https:\/\/blogdoedvaldomagalhaes.com.br\/index.php\/wp-json\/wp\/v2\/comments?post=67225"}],"version-history":[{"count":1,"href":"https:\/\/blogdoedvaldomagalhaes.com.br\/index.php\/wp-json\/wp\/v2\/posts\/67225\/revisions"}],"predecessor-version":[{"id":67227,"href":"https:\/\/blogdoedvaldomagalhaes.com.br\/index.php\/wp-json\/wp\/v2\/posts\/67225\/revisions\/67227"}],"wp:featuredmedia":[{"embeddable":true,"href":"https:\/\/blogdoedvaldomagalhaes.com.br\/index.php\/wp-json\/wp\/v2\/media\/67226"}],"wp:attachment":[{"href":"https:\/\/blogdoedvaldomagalhaes.com.br\/index.php\/wp-json\/wp\/v2\/media?parent=67225"}],"wp:term":[{"taxonomy":"category","embeddable":true,"href":"https:\/\/blogdoedvaldomagalhaes.com.br\/index.php\/wp-json\/wp\/v2\/categories?post=67225"},{"taxonomy":"post_tag","embeddable":true,"href":"https:\/\/blogdoedvaldomagalhaes.com.br\/index.php\/wp-json\/wp\/v2\/tags?post=67225"}],"curies":[{"name":"wp","href":"https:\/\/api.w.org\/{rel}","templated":true}]}}