{"id":67219,"date":"2021-02-25T10:44:29","date_gmt":"2021-02-25T13:44:29","guid":{"rendered":"https:\/\/blogdoedvaldomagalhaes.com.br\/?p=67219"},"modified":"2021-02-25T10:53:58","modified_gmt":"2021-02-25T13:53:58","slug":"doenca-da-urina-preta-conheca-os-principais-sintomas-e-orientacoes-gerais","status":"publish","type":"post","link":"https:\/\/blogdoedvaldomagalhaes.com.br\/index.php\/2021\/02\/25\/doenca-da-urina-preta-conheca-os-principais-sintomas-e-orientacoes-gerais\/","title":{"rendered":"Doen\u00e7a da &#8216;urina preta&#8217;: conhe\u00e7a os principais sintomas e orienta\u00e7\u00f5es gerais&#8221;"},"content":{"rendered":"<p style=\"text-align: justify;\">Aten\u00e7\u00e3o na hora de comprar o peixe da Semana Santa. At\u00e9 esta quarta-feira, dia 24\/02, a Secretaria Estadual de Sa\u00fade (SES), por meio do Centro de Informa\u00e7\u00f5es Estrat\u00e9gicas em Vigil\u00e2ncia em Sa\u00fade (Cievs) do Recife, notificou a investiga\u00e7\u00e3o de cinco casos de mialgia aguda, suspeitos para a doen\u00e7a de Haff, conhecida como &#8220;doen\u00e7a da urina preta&#8221;. Dos cinco casos, dois ocorreram ap\u00f3s duas pessoas passarem mal ao terem ingerido peixe da esp\u00e9cie arabaiana. A doen\u00e7a de Haff \u00e9 caracterizada pela presen\u00e7a de toxina biol\u00f3gica presente em pescados.<\/p>\n<p style=\"text-align: justify;\">A Secretaria de Sa\u00fade est\u00e1 realizando a investiga\u00e7\u00e3o epidemiol\u00f3gica de todos aqueles que consumiram o peixe. Al\u00e9m disso, orientou tamb\u00e9m a coleta do alimento para an\u00e1lises laboratoriais no Laborat\u00f3rio Central de Sa\u00fade P\u00fablica de Pernambuco (Lacen-PE). Mas lembre-se sempre de consumir pescados de proced\u00eancia comprovada. \u00c9 importante saber de onde vem o alimento que voc\u00ea est\u00e1 adquirindo.<\/p>\n<p style=\"text-align: justify;\">Al\u00e9m disso, fique atento aos principais sintomas da S\u00edndrome de Haff:<\/p>\n<p style=\"text-align: justify;\">\u27a1 Falta de ar;<br \/>\n\u27a1 Dorm\u00eancia e perda de for\u00e7a corporal<br \/>\n\u27a1 Urina cor de caf\u00e9<\/p>\n<p style=\"text-align: justify;\">O que voc\u00ea deve fazer caso possua os sintomas:<\/p>\n<p style=\"text-align: justify;\">\u25b6 Busque uma unidade de sa\u00fade e procure saber se outras pessoas possam ter consumido o mesmo peixe ou crust\u00e1ceo. \u00c9 necess\u00e1rio hidrata\u00e7\u00e3o rigorosa, sendo essa \u00e9 a forma de eliminar a toxina do corpo.<\/p>\n","protected":false},"excerpt":{"rendered":"<p>Aten\u00e7\u00e3o na hora de comprar o peixe da Semana Santa. At\u00e9 esta quarta-feira, dia 24\/02, a Secretaria Estadual de Sa\u00fade&hellip;<\/p>\n","protected":false},"author":1,"featured_media":67220,"comment_status":"open","ping_status":"open","sticky":false,"template":"","format":"standard","meta":{"footnotes":""},"categories":[14120],"tags":[2,19532,20922],"class_list":["post-67219","post","type-post","status-publish","format-standard","has-post-thumbnail","hentry","category-noticias","tag-blog-do-edvaldo-magalhaes","tag-blog-mais-acessado-e-visualizado-de-caruaru-e-regiao","tag-doenca-da-urina-preta-conheca-os-principais-sintomas-e-orientacoes-gerais"],"_links":{"self":[{"href":"https:\/\/blogdoedvaldomagalhaes.com.br\/index.php\/wp-json\/wp\/v2\/posts\/67219","targetHints":{"allow":["GET"]}}],"collection":[{"href":"https:\/\/blogdoedvaldomagalhaes.com.br\/index.php\/wp-json\/wp\/v2\/posts"}],"about":[{"href":"https:\/\/blogdoedvaldomagalhaes.com.br\/index.php\/wp-json\/wp\/v2\/types\/post"}],"author":[{"embeddable":true,"href":"https:\/\/blogdoedvaldomagalhaes.com.br\/index.php\/wp-json\/wp\/v2\/users\/1"}],"replies":[{"embeddable":true,"href":"https:\/\/blogdoedvaldomagalhaes.com.br\/index.php\/wp-json\/wp\/v2\/comments?post=67219"}],"version-history":[{"count":3,"href":"https:\/\/blogdoedvaldomagalhaes.com.br\/index.php\/wp-json\/wp\/v2\/posts\/67219\/revisions"}],"predecessor-version":[{"id":67224,"href":"https:\/\/blogdoedvaldomagalhaes.com.br\/index.php\/wp-json\/wp\/v2\/posts\/67219\/revisions\/67224"}],"wp:featuredmedia":[{"embeddable":true,"href":"https:\/\/blogdoedvaldomagalhaes.com.br\/index.php\/wp-json\/wp\/v2\/media\/67220"}],"wp:attachment":[{"href":"https:\/\/blogdoedvaldomagalhaes.com.br\/index.php\/wp-json\/wp\/v2\/media?parent=67219"}],"wp:term":[{"taxonomy":"category","embeddable":true,"href":"https:\/\/blogdoedvaldomagalhaes.com.br\/index.php\/wp-json\/wp\/v2\/categories?post=67219"},{"taxonomy":"post_tag","embeddable":true,"href":"https:\/\/blogdoedvaldomagalhaes.com.br\/index.php\/wp-json\/wp\/v2\/tags?post=67219"}],"curies":[{"name":"wp","href":"https:\/\/api.w.org\/{rel}","templated":true}]}}