{"id":67215,"date":"2021-02-25T10:21:20","date_gmt":"2021-02-25T13:21:20","guid":{"rendered":"https:\/\/blogdoedvaldomagalhaes.com.br\/?p=67215"},"modified":"2021-02-25T10:21:22","modified_gmt":"2021-02-25T13:21:22","slug":"pernambuco-recebe-novo-lote-com-48-mil-vacinas-e-passa-a-contar-com-mais-130-mil-doses-contra-a-covid-19","status":"publish","type":"post","link":"https:\/\/blogdoedvaldomagalhaes.com.br\/index.php\/2021\/02\/25\/pernambuco-recebe-novo-lote-com-48-mil-vacinas-e-passa-a-contar-com-mais-130-mil-doses-contra-a-covid-19\/","title":{"rendered":"Pernambuco recebe novo lote com 48 mil vacinas e passa a contar com mais 130 mil doses contra a Covid-19&#8243;"},"content":{"rendered":"<p style=\"text-align: justify;\">Na noite dessa quarta-feira (24\/2), Pernambuco recebeu mais 48 mil unidades da vacina Sinovac\/Butantan. Com isso, o Estado finalizou o dia com mais 130 mil doses de vacinas contra a Covid-19 recebidas. Na manh\u00e3 de ontem, j\u00e1 haviam chegado 82 mil unidades da farmac\u00eautica AstraZeneca\/Universidade de Oxford. Esse novo lote da Coronavac possibilitar\u00e1 avan\u00e7ar na prote\u00e7\u00e3o dos trabalhadores de sa\u00fade em ambas as doses, beneficiando todo o territ\u00f3rio pernambucano. Os imunizantes da AstraZeneca, por sua vez, garantir\u00e3o a primeira dose para idosos entre 80 e 84 anos de idade, em todos os munic\u00edpios do Estado.<\/p>\n\n\n<figure class=\"wp-block-image size-large\"><img loading=\"lazy\" decoding=\"async\" width=\"670\" height=\"1024\" src=\"https:\/\/blogdoedvaldomagalhaes.com.br\/wp-content\/uploads\/2021\/02\/IMG-20210225-WA0140-670x1024.jpg\" alt=\"\" class=\"wp-image-67217\" srcset=\"https:\/\/blogdoedvaldomagalhaes.com.br\/wp-content\/uploads\/2021\/02\/IMG-20210225-WA0140-670x1024.jpg 670w, https:\/\/blogdoedvaldomagalhaes.com.br\/wp-content\/uploads\/2021\/02\/IMG-20210225-WA0140-196x300.jpg 196w, https:\/\/blogdoedvaldomagalhaes.com.br\/wp-content\/uploads\/2021\/02\/IMG-20210225-WA0140-768x1173.jpg 768w, https:\/\/blogdoedvaldomagalhaes.com.br\/wp-content\/uploads\/2021\/02\/IMG-20210225-WA0140.jpg 828w\" sizes=\"auto, (max-width: 670px) 100vw, 670px\" \/><\/figure>\n","protected":false},"excerpt":{"rendered":"<p>Na noite dessa quarta-feira (24\/2), Pernambuco recebeu mais 48 mil unidades da vacina Sinovac\/Butantan. Com isso, o Estado finalizou o&hellip;<\/p>\n","protected":false},"author":1,"featured_media":67216,"comment_status":"open","ping_status":"open","sticky":false,"template":"","format":"standard","meta":{"footnotes":""},"categories":[14120],"tags":[2,19532,19670,20921],"class_list":["post-67215","post","type-post","status-publish","format-standard","has-post-thumbnail","hentry","category-noticias","tag-blog-do-edvaldo-magalhaes","tag-blog-mais-acessado-e-visualizado-de-caruaru-e-regiao","tag-novo-coronavirus","tag-pernambuco-recebe-novo-lote-com-48-mil-vacinas-e-passa-a-contar-com-mais-130-mil-doses-contra-a-covid-19"],"_links":{"self":[{"href":"https:\/\/blogdoedvaldomagalhaes.com.br\/index.php\/wp-json\/wp\/v2\/posts\/67215","targetHints":{"allow":["GET"]}}],"collection":[{"href":"https:\/\/blogdoedvaldomagalhaes.com.br\/index.php\/wp-json\/wp\/v2\/posts"}],"about":[{"href":"https:\/\/blogdoedvaldomagalhaes.com.br\/index.php\/wp-json\/wp\/v2\/types\/post"}],"author":[{"embeddable":true,"href":"https:\/\/blogdoedvaldomagalhaes.com.br\/index.php\/wp-json\/wp\/v2\/users\/1"}],"replies":[{"embeddable":true,"href":"https:\/\/blogdoedvaldomagalhaes.com.br\/index.php\/wp-json\/wp\/v2\/comments?post=67215"}],"version-history":[{"count":1,"href":"https:\/\/blogdoedvaldomagalhaes.com.br\/index.php\/wp-json\/wp\/v2\/posts\/67215\/revisions"}],"predecessor-version":[{"id":67218,"href":"https:\/\/blogdoedvaldomagalhaes.com.br\/index.php\/wp-json\/wp\/v2\/posts\/67215\/revisions\/67218"}],"wp:featuredmedia":[{"embeddable":true,"href":"https:\/\/blogdoedvaldomagalhaes.com.br\/index.php\/wp-json\/wp\/v2\/media\/67216"}],"wp:attachment":[{"href":"https:\/\/blogdoedvaldomagalhaes.com.br\/index.php\/wp-json\/wp\/v2\/media?parent=67215"}],"wp:term":[{"taxonomy":"category","embeddable":true,"href":"https:\/\/blogdoedvaldomagalhaes.com.br\/index.php\/wp-json\/wp\/v2\/categories?post=67215"},{"taxonomy":"post_tag","embeddable":true,"href":"https:\/\/blogdoedvaldomagalhaes.com.br\/index.php\/wp-json\/wp\/v2\/tags?post=67215"}],"curies":[{"name":"wp","href":"https:\/\/api.w.org\/{rel}","templated":true}]}}