{"id":67206,"date":"2021-02-24T22:01:15","date_gmt":"2021-02-25T01:01:15","guid":{"rendered":"https:\/\/blogdoedvaldomagalhaes.com.br\/?p=67206"},"modified":"2021-02-24T22:26:40","modified_gmt":"2021-02-25T01:26:40","slug":"secretaria-de-educacao-de-caruaru-pede-exoneracao-e-deixa-governo-raquel-lyra","status":"publish","type":"post","link":"https:\/\/blogdoedvaldomagalhaes.com.br\/index.php\/2021\/02\/24\/secretaria-de-educacao-de-caruaru-pede-exoneracao-e-deixa-governo-raquel-lyra\/","title":{"rendered":"Secret\u00e1ria de Educa\u00e7\u00e3o de Caruaru pede exonera\u00e7\u00e3o e deixa governo Raquel Lyra"},"content":{"rendered":"<p style=\"text-align: justify;\"><span style=\"font-size: inherit;\">A Prefeitura de Caruaru informa que a secret\u00e1ria de Educa\u00e7\u00e3o, Raquel Oliveira, n\u00e3o faz mais parte da gest\u00e3o municipal. A exonera\u00e7\u00e3o foi solicitada pela pr\u00f3pria secret\u00e1ria, devido a quest\u00f5es pessoais de sa\u00fade, e ser\u00e1 publicada no Di\u00e1rio Oficial do munic\u00edpio, desta quarta-feira (24). Interinamente, quem assume a gest\u00e3o da Seduc \u00e9 a secret\u00e1ria executiva, Roberta Carvalho.<\/span><\/p>\n<p style=\"text-align: justify;\">A prefeita de Caruaru, Raquel Lyra (PSDB), havia anunciado mudan\u00e7a no comando da Secretaria de Educa\u00e7\u00e3o\u00a0 e Esportes, na sexta-feira dia 1\u00b0 de janeiro de 2021, com a sa\u00edda de Henrique Oliveira e a nomea\u00e7\u00e3o\u00a0 de Raquel de Oliveira.<\/p>\n<p style=\"text-align: justify;\">Curr\u00edculo: Natural de Bangu, no Rio de Janeiro, tem 24 anos de experi\u00eancia em educa\u00e7\u00e3o e m\u00eddia. Trabalhou como professora de ingl\u00eas por 20 anos, tanto no setor p\u00fablico quanto no privado. Foi tamb\u00e9m associada \u00e0 PUC-RIO, UERJ, Instituto Singularidades e Funda\u00e7\u00e3o Get\u00falio Vargas como Professora e Pesquisadora. Assumiu o VP de Educa\u00e7\u00e3o e Pol\u00edticas P\u00fablicas da British Startup Gigalime em meio \u00e0 crise da Covid 19 com o objetivo de repensar poss\u00edveis futuros e espa\u00e7os de transforma\u00e7\u00e3o digital para que os sistemas educacionais sejam redesenhados. Trabalhou como consultora do pessoal do Centro de Excel\u00eancia e Inova\u00e7\u00e3o em Pol\u00edticas Educacionais da Escola Brasileira de Administra\u00e7\u00e3o P\u00fablica e Empresarial da Funda\u00e7\u00e3o Get\u00falio Vargas, onde foi a pesquisadora l\u00edder do relat\u00f3rio.<\/p>\n<p style=\"text-align: justify;\">Teve passagens pelo Minist\u00e9rio da Educa\u00e7\u00e3o brasileiro, CONSED, UNDIME, SUMMA, Harvard Graduate School of Education, Learning Policy Institute NY Todos Pela Educa\u00e7\u00e3o, Funda\u00e7\u00e3o Maria Cecilia Souto Vidigal, Funda\u00e7\u00e3o Lemann, Columbia Teachers College, OECD, OIT e projetos e cap\u00edtulos de relat\u00f3rios\/ livros da ONU.<\/p>\n<p style=\"text-align: justify;\">Participa de miss\u00f5es de educa\u00e7\u00e3o internacional com institui\u00e7\u00f5es governamentais e organiza\u00e7\u00f5es da sociedade civil em busca de inova\u00e7\u00f5es em gest\u00e3o e educa\u00e7\u00e3o. Atuou como Pearson Fellow, dentro do programa de Mestrado em Pol\u00edticas P\u00fablicas (MPP) do The Pearson Institute for the Study and Resolution of Global Conflicts, trabalhando com a primeira inf\u00e2ncia em creches na \u00c1frica do Sul. Na Harvard Graduate School of Education , estudou Teaching for Understanding e desenvolveu projetos de colabora\u00e7\u00e3o em escolas de todo o Brasil sobre planos de aprendizagem e lideran\u00e7a.<\/p>\n<p style=\"text-align: justify;\">Foto: SEIC\/Divulga\u00e7\u00e3o.<\/p>\n","protected":false},"excerpt":{"rendered":"<p>A Prefeitura de Caruaru informa que a secret\u00e1ria de Educa\u00e7\u00e3o, Raquel Oliveira, n\u00e3o faz mais parte da gest\u00e3o municipal. A&hellip;<\/p>\n","protected":false},"author":1,"featured_media":67207,"comment_status":"open","ping_status":"open","sticky":false,"template":"","format":"standard","meta":{"footnotes":""},"categories":[14122],"tags":[2,19532,1950,20919],"class_list":["post-67206","post","type-post","status-publish","format-standard","has-post-thumbnail","hentry","category-politica","tag-blog-do-edvaldo-magalhaes","tag-blog-mais-acessado-e-visualizado-de-caruaru-e-regiao","tag-noticias-de-caruaru","tag-secretaria-de-educacao-de-caruaru-pede-exoneracao-e-deixa-governo-raquel-lyra"],"_links":{"self":[{"href":"https:\/\/blogdoedvaldomagalhaes.com.br\/index.php\/wp-json\/wp\/v2\/posts\/67206","targetHints":{"allow":["GET"]}}],"collection":[{"href":"https:\/\/blogdoedvaldomagalhaes.com.br\/index.php\/wp-json\/wp\/v2\/posts"}],"about":[{"href":"https:\/\/blogdoedvaldomagalhaes.com.br\/index.php\/wp-json\/wp\/v2\/types\/post"}],"author":[{"embeddable":true,"href":"https:\/\/blogdoedvaldomagalhaes.com.br\/index.php\/wp-json\/wp\/v2\/users\/1"}],"replies":[{"embeddable":true,"href":"https:\/\/blogdoedvaldomagalhaes.com.br\/index.php\/wp-json\/wp\/v2\/comments?post=67206"}],"version-history":[{"count":6,"href":"https:\/\/blogdoedvaldomagalhaes.com.br\/index.php\/wp-json\/wp\/v2\/posts\/67206\/revisions"}],"predecessor-version":[{"id":67214,"href":"https:\/\/blogdoedvaldomagalhaes.com.br\/index.php\/wp-json\/wp\/v2\/posts\/67206\/revisions\/67214"}],"wp:featuredmedia":[{"embeddable":true,"href":"https:\/\/blogdoedvaldomagalhaes.com.br\/index.php\/wp-json\/wp\/v2\/media\/67207"}],"wp:attachment":[{"href":"https:\/\/blogdoedvaldomagalhaes.com.br\/index.php\/wp-json\/wp\/v2\/media?parent=67206"}],"wp:term":[{"taxonomy":"category","embeddable":true,"href":"https:\/\/blogdoedvaldomagalhaes.com.br\/index.php\/wp-json\/wp\/v2\/categories?post=67206"},{"taxonomy":"post_tag","embeddable":true,"href":"https:\/\/blogdoedvaldomagalhaes.com.br\/index.php\/wp-json\/wp\/v2\/tags?post=67206"}],"curies":[{"name":"wp","href":"https:\/\/api.w.org\/{rel}","templated":true}]}}