{"id":67201,"date":"2021-02-24T21:30:03","date_gmt":"2021-02-25T00:30:03","guid":{"rendered":"https:\/\/blogdoedvaldomagalhaes.com.br\/?p=67201"},"modified":"2021-02-24T21:30:05","modified_gmt":"2021-02-25T00:30:05","slug":"anderson-correia-ministra-palestra-sobre-direito-animal-na-camara-de-vereadores-de-cupira","status":"publish","type":"post","link":"https:\/\/blogdoedvaldomagalhaes.com.br\/index.php\/2021\/02\/24\/anderson-correia-ministra-palestra-sobre-direito-animal-na-camara-de-vereadores-de-cupira\/","title":{"rendered":"Anderson Correia ministra palestra sobre Direito Animal na C\u00e2mara de Vereadores de Cupira"},"content":{"rendered":"<p style=\"text-align: justify;\"><span style=\"font-size: inherit;\">Considerado uma refer\u00eancia em palestras sobre a causa animal no interior de Pernambuco, o vereador Anderson Correia (PP) esteve nesta quarta-feira (24), em Cupira, palestrando sobre o \u201cDireito e Prote\u00e7\u00e3o Animal\u201d, na C\u00e2mara Municipal de Vereadores. A iniciativa foi de protetores e pessoas ligadas \u00e0 causa animalista da cidade, com o objetivo de compreender, de forma fundamentada, sobre o tema.<\/span><\/p>\n<p style=\"text-align: justify;\">\u201cFoi mais um momento democr\u00e1tico em prol da causa animalista, onde trazemos um conte\u00fado que abrange o Direito Animal, com Leis que devem ser cumpridas e beneficiam todos os animais, al\u00e9m de qualificar os protetores, que s\u00e3o fieis escudeiros e anjos para nossos bichos aqui na terra\u201d, destacou o edil.<\/p>\n<p style=\"text-align: justify;\">O tamb\u00e9m advogado animalista aproveitou a oportunidade para agradecer o espa\u00e7o t\u00e3o importante para o debate do Direito Animal e encorajar a outras cidades a fazerem o mesmo.<\/p>\n<p style=\"text-align: justify;\">\u201cNossos agradecimentos a todos que se dispuseram a fazer este momento acontecer, com essa palestra. Nossa gratid\u00e3o a cada pessoa envolvida e aos protetores, al\u00e9m da Ana Paula e o Vin\u00edcius Lessa, que se empenharam e nos fizeram o convite. Que possamos ver mais eventos como este em todas cidades do interior do nosso Estado, com pessoas que amem e lutem por aqueles n\u00e3o tem vez e voz\u201d, completou Correia.<\/p>\n\n\n<figure class=\"wp-block-image size-large\"><img loading=\"lazy\" decoding=\"async\" width=\"1024\" height=\"766\" src=\"https:\/\/blogdoedvaldomagalhaes.com.br\/wp-content\/uploads\/2021\/02\/IMG-20210224-WA0423-1024x766.jpg\" alt=\"\" class=\"wp-image-67203\" srcset=\"https:\/\/blogdoedvaldomagalhaes.com.br\/wp-content\/uploads\/2021\/02\/IMG-20210224-WA0423-1024x766.jpg 1024w, https:\/\/blogdoedvaldomagalhaes.com.br\/wp-content\/uploads\/2021\/02\/IMG-20210224-WA0423-300x225.jpg 300w, https:\/\/blogdoedvaldomagalhaes.com.br\/wp-content\/uploads\/2021\/02\/IMG-20210224-WA0423-768x575.jpg 768w, https:\/\/blogdoedvaldomagalhaes.com.br\/wp-content\/uploads\/2021\/02\/IMG-20210224-WA0423-160x120.jpg 160w, https:\/\/blogdoedvaldomagalhaes.com.br\/wp-content\/uploads\/2021\/02\/IMG-20210224-WA0423.jpg 1280w\" sizes=\"auto, (max-width: 1024px) 100vw, 1024px\" \/><\/figure>\n\n\n\n<figure class=\"wp-block-image size-large\"><img loading=\"lazy\" decoding=\"async\" width=\"1024\" height=\"766\" src=\"https:\/\/blogdoedvaldomagalhaes.com.br\/wp-content\/uploads\/2021\/02\/IMG-20210224-WA0422-1024x766.jpg\" alt=\"\" class=\"wp-image-67204\" srcset=\"https:\/\/blogdoedvaldomagalhaes.com.br\/wp-content\/uploads\/2021\/02\/IMG-20210224-WA0422-1024x766.jpg 1024w, https:\/\/blogdoedvaldomagalhaes.com.br\/wp-content\/uploads\/2021\/02\/IMG-20210224-WA0422-300x225.jpg 300w, https:\/\/blogdoedvaldomagalhaes.com.br\/wp-content\/uploads\/2021\/02\/IMG-20210224-WA0422-768x575.jpg 768w, https:\/\/blogdoedvaldomagalhaes.com.br\/wp-content\/uploads\/2021\/02\/IMG-20210224-WA0422-160x120.jpg 160w, https:\/\/blogdoedvaldomagalhaes.com.br\/wp-content\/uploads\/2021\/02\/IMG-20210224-WA0422.jpg 1280w\" sizes=\"auto, (max-width: 1024px) 100vw, 1024px\" \/><\/figure>\n","protected":false},"excerpt":{"rendered":"<p>Considerado uma refer\u00eancia em palestras sobre a causa animal no interior de Pernambuco, o vereador Anderson Correia (PP) esteve nesta&hellip;<\/p>\n","protected":false},"author":1,"featured_media":67202,"comment_status":"open","ping_status":"open","sticky":false,"template":"","format":"standard","meta":{"footnotes":""},"categories":[14120],"tags":[20918,2,19532,1950],"class_list":["post-67201","post","type-post","status-publish","format-standard","has-post-thumbnail","hentry","category-noticias","tag-anderson-correia-ministra-palestra-sobre-direito-animal-na-camara-de-vereadores-de-cupira","tag-blog-do-edvaldo-magalhaes","tag-blog-mais-acessado-e-visualizado-de-caruaru-e-regiao","tag-noticias-de-caruaru"],"_links":{"self":[{"href":"https:\/\/blogdoedvaldomagalhaes.com.br\/index.php\/wp-json\/wp\/v2\/posts\/67201","targetHints":{"allow":["GET"]}}],"collection":[{"href":"https:\/\/blogdoedvaldomagalhaes.com.br\/index.php\/wp-json\/wp\/v2\/posts"}],"about":[{"href":"https:\/\/blogdoedvaldomagalhaes.com.br\/index.php\/wp-json\/wp\/v2\/types\/post"}],"author":[{"embeddable":true,"href":"https:\/\/blogdoedvaldomagalhaes.com.br\/index.php\/wp-json\/wp\/v2\/users\/1"}],"replies":[{"embeddable":true,"href":"https:\/\/blogdoedvaldomagalhaes.com.br\/index.php\/wp-json\/wp\/v2\/comments?post=67201"}],"version-history":[{"count":1,"href":"https:\/\/blogdoedvaldomagalhaes.com.br\/index.php\/wp-json\/wp\/v2\/posts\/67201\/revisions"}],"predecessor-version":[{"id":67205,"href":"https:\/\/blogdoedvaldomagalhaes.com.br\/index.php\/wp-json\/wp\/v2\/posts\/67201\/revisions\/67205"}],"wp:featuredmedia":[{"embeddable":true,"href":"https:\/\/blogdoedvaldomagalhaes.com.br\/index.php\/wp-json\/wp\/v2\/media\/67202"}],"wp:attachment":[{"href":"https:\/\/blogdoedvaldomagalhaes.com.br\/index.php\/wp-json\/wp\/v2\/media?parent=67201"}],"wp:term":[{"taxonomy":"category","embeddable":true,"href":"https:\/\/blogdoedvaldomagalhaes.com.br\/index.php\/wp-json\/wp\/v2\/categories?post=67201"},{"taxonomy":"post_tag","embeddable":true,"href":"https:\/\/blogdoedvaldomagalhaes.com.br\/index.php\/wp-json\/wp\/v2\/tags?post=67201"}],"curies":[{"name":"wp","href":"https:\/\/api.w.org\/{rel}","templated":true}]}}