{"id":672,"date":"2018-11-19T15:20:00","date_gmt":"2018-11-19T17:20:00","guid":{"rendered":"http:\/\/blogdoedvaldomagalhaes.com.br\/index.php\/2018\/11\/19\/leva-realiza-cadastro-para-novos-pontos\/"},"modified":"2019-02-09T02:42:03","modified_gmt":"2019-02-09T04:42:03","slug":"leva-realiza-cadastro-para-novos-pontos","status":"publish","type":"post","link":"https:\/\/blogdoedvaldomagalhaes.com.br\/index.php\/2018\/11\/19\/leva-realiza-cadastro-para-novos-pontos\/","title":{"rendered":"LEVA realiza cadastro para novos pontos de recarga"},"content":{"rendered":"<div class=\"separator\" style=\"clear: both; text-align: center;\">\n<a href=\"https:\/\/1.bp.blogspot.com\/-HNrJ4YZHa7w\/W_LUtuNqY3I\/AAAAAAAA98g\/PpOYWzMaxs0pPgZRAxoAzki130lsbFdYACLcBGAs\/s1600\/leva.png\" imageanchor=\"1\" style=\"margin-left: 1em; margin-right: 1em;\"><img loading=\"lazy\" decoding=\"async\" border=\"0\" data-original-height=\"108\" data-original-width=\"200\" height=\"345\" src=\"http:\/\/blogdoedvaldomagalhaes.com.br\/wp-content\/uploads\/2018\/11\/leva.png\" width=\"640\" \/><\/a><\/div>\n<div style=\"background-color: white; text-align: justify;\">\n<\/div>\n<div style=\"background-color: white; text-align: justify;\">\nO &nbsp;LEVA, respons\u00e1vel pelo Sistema de Bilhetagem Eletr\u00f4nica de Caruaru (SIBE), est\u00e1 recrutando propriet\u00e1rios de pontos comerciais que queriam ser representantes LEVA, realizando as recargas dos cart\u00f5es COMUM, ESTUDANTE e SERVIDOR.&nbsp;<\/div>\n<div style=\"background-color: white; text-align: justify;\">\n<\/div>\n<div style=\"background-color: white; text-align: justify;\">\nO objetivo \u00e9 oferecer mais pontos de recargas no munic\u00edpio, principalmente, nos bairros mais afastados do centro, facilitando o acesso a recarga a popula\u00e7\u00e3o. O estabelecimento que tiver interesse em disponibilizar o servi\u00e7o deve entrar em contato com a AETPC atrav\u00e9s do telefone \u202d0800 087-6680\u202c e solicitar a visita de um consultor que ir\u00e1 verificar a viabilidade de implanta\u00e7\u00e3o. Os estabelecimentos comerciais que realizam a venda dos cr\u00e9ditos recebem uma bonifica\u00e7\u00e3o, de acordo com o percentual de vendas.&nbsp;<\/div>\n<div style=\"background-color: white; text-align: justify;\">\n<\/div>\n<div style=\"background-color: white; text-align: justify;\">\nO diretor institucional da Associa\u00e7\u00e3o das Empresas de Transporte de Passageiros &nbsp;de Caruaru (AETPC), Ricardo Henrique, refor\u00e7a a import\u00e2ncia do uso da bilhetagem eletr\u00f4nica no munic\u00edpio. \u201c\u00c9 por oferecer seguran\u00e7a e agilidade para o passageiro que o sistema investe cada vez mais em tecnologia e estimula o cliente a fazer uso do cart\u00e3o eletr\u00f4nico no seu dia-a-dia\u201d, disse.<\/div>\n<div style=\"background-color: white; text-align: justify;\">\n<\/div>\n<div style=\"background-color: white; text-align: justify;\">\nLembramos que para comodidade dos usu\u00e1rios, a AETPC tamb\u00e9m disponibiliza outros pontos de recarga do cart\u00e3o espalhados em Caruaru, que podem ser conferidos no site&nbsp;<a data-saferedirecturl=\"https:\/\/www.google.com\/url?q=http:\/\/www.cartaoleva.com.br&amp;source=gmail&amp;ust=1542726861694000&amp;usg=AFQjCNHg2NOul_6Jw2fYl4zcIIXjO1Alew\" href=\"http:\/\/www.cartaoleva.com.br\/\" target=\"_blank\">www.cartaoleva.com.br<\/a>&nbsp;ou na nossa p\u00e1gina no Facebook.<\/div>\n","protected":false},"excerpt":{"rendered":"<p>O &nbsp;LEVA, respons\u00e1vel pelo Sistema de Bilhetagem Eletr\u00f4nica de Caruaru (SIBE), est\u00e1 recrutando propriet\u00e1rios de pontos comerciais que queriam ser&hellip;<\/p>\n","protected":false},"author":1,"featured_media":0,"comment_status":"open","ping_status":"open","sticky":false,"template":"","format":"standard","meta":{"footnotes":""},"categories":[1],"tags":[2,609,6],"class_list":["post-672","post","type-post","status-publish","format-standard","hentry","category-sem-categoria","tag-blog-do-edvaldo-magalhaes","tag-leva-realiza-cadastro-para-novos-pontos-de-recarga","tag-noticias"],"_links":{"self":[{"href":"https:\/\/blogdoedvaldomagalhaes.com.br\/index.php\/wp-json\/wp\/v2\/posts\/672","targetHints":{"allow":["GET"]}}],"collection":[{"href":"https:\/\/blogdoedvaldomagalhaes.com.br\/index.php\/wp-json\/wp\/v2\/posts"}],"about":[{"href":"https:\/\/blogdoedvaldomagalhaes.com.br\/index.php\/wp-json\/wp\/v2\/types\/post"}],"author":[{"embeddable":true,"href":"https:\/\/blogdoedvaldomagalhaes.com.br\/index.php\/wp-json\/wp\/v2\/users\/1"}],"replies":[{"embeddable":true,"href":"https:\/\/blogdoedvaldomagalhaes.com.br\/index.php\/wp-json\/wp\/v2\/comments?post=672"}],"version-history":[{"count":1,"href":"https:\/\/blogdoedvaldomagalhaes.com.br\/index.php\/wp-json\/wp\/v2\/posts\/672\/revisions"}],"predecessor-version":[{"id":35993,"href":"https:\/\/blogdoedvaldomagalhaes.com.br\/index.php\/wp-json\/wp\/v2\/posts\/672\/revisions\/35993"}],"wp:attachment":[{"href":"https:\/\/blogdoedvaldomagalhaes.com.br\/index.php\/wp-json\/wp\/v2\/media?parent=672"}],"wp:term":[{"taxonomy":"category","embeddable":true,"href":"https:\/\/blogdoedvaldomagalhaes.com.br\/index.php\/wp-json\/wp\/v2\/categories?post=672"},{"taxonomy":"post_tag","embeddable":true,"href":"https:\/\/blogdoedvaldomagalhaes.com.br\/index.php\/wp-json\/wp\/v2\/tags?post=672"}],"curies":[{"name":"wp","href":"https:\/\/api.w.org\/{rel}","templated":true}]}}