{"id":67198,"date":"2021-02-24T19:54:34","date_gmt":"2021-02-24T22:54:34","guid":{"rendered":"https:\/\/blogdoedvaldomagalhaes.com.br\/?p=67198"},"modified":"2021-02-24T19:58:16","modified_gmt":"2021-02-24T22:58:16","slug":"feira-da-sulanca-de-caruaru-tem-novo-horario-por-causa-da-covid-19-confira","status":"publish","type":"post","link":"https:\/\/blogdoedvaldomagalhaes.com.br\/index.php\/2021\/02\/24\/feira-da-sulanca-de-caruaru-tem-novo-horario-por-causa-da-covid-19-confira\/","title":{"rendered":"Feira da Sulanca de Caruaru tem novo hor\u00e1rio por causa da covid-19; Confira"},"content":{"rendered":"<p style=\"text-align: justify;\"><span style=\"font-size: inherit;\">Ap\u00f3s reuni\u00e3o realizada nesta quarta-feira (24), com representantes da Feira da Sulanca, foi definido que o com\u00e9rcio no Parque 18 de Maio funcionar\u00e1 nas segundas-feiras, das 5h \u00e0s 13h, nos dias 1\u00b0 e 8 de mar\u00e7o.<\/span><\/p>\n<p style=\"text-align: justify;\">A decis\u00e3o reflete as determina\u00e7\u00f5es do decreto do Governo do Estado, divulgado na \u00faltima ter\u00e7a-feira (23), com medidas preventivas ao cont\u00e1gio da Covid-19. Segundo a determina\u00e7\u00e3o, atividades econ\u00f4micas est\u00e3o proibidas das 20h \u00e0s 5h, de segunda a sexta, e das 17h \u00e0s 5h, nos finais de semana. As altera\u00e7\u00f5es no funcionamento da Feira da Sulanca foram consenso entre a Prefeitura e representantes presentes.<\/p>\n<p style=\"text-align: justify;\">Desta forma, ficou determinado que n\u00e3o poder\u00e1 ocorrer circula\u00e7\u00e3o de pessoas no Parque 18 de Maio entre as 17h do domingo e as 5h da segunda-feira.<\/p>\n<p style=\"text-align: justify;\">O secret\u00e1rio de Servi\u00e7os P\u00fablicos e Sustentabilidade, Ytalo Farias, refor\u00e7a que os protocolos sanit\u00e1rios de combate ao coronav\u00edrus seguir\u00e3o normalmente na Feira da Sulanca, como acontece desde a volta das atividades no Parque 18 de Maio, no ano passado. \u201cEquipes de fiscaliza\u00e7\u00e3o atuar\u00e3o para garantir que todas as medidas sejam cumpridas\u201d, pontuou o secret\u00e1rio.<\/p>\n","protected":false},"excerpt":{"rendered":"<p>Ap\u00f3s reuni\u00e3o realizada nesta quarta-feira (24), com representantes da Feira da Sulanca, foi definido que o com\u00e9rcio no Parque 18&hellip;<\/p>\n","protected":false},"author":1,"featured_media":67200,"comment_status":"open","ping_status":"open","sticky":false,"template":"","format":"standard","meta":{"footnotes":""},"categories":[14120],"tags":[2,19532,20917,19670],"class_list":["post-67198","post","type-post","status-publish","format-standard","has-post-thumbnail","hentry","category-noticias","tag-blog-do-edvaldo-magalhaes","tag-blog-mais-acessado-e-visualizado-de-caruaru-e-regiao","tag-feira-da-sulanca-de-caruaru-tem-novo-horario-por-causa-da-covid-19-confira","tag-novo-coronavirus"],"_links":{"self":[{"href":"https:\/\/blogdoedvaldomagalhaes.com.br\/index.php\/wp-json\/wp\/v2\/posts\/67198","targetHints":{"allow":["GET"]}}],"collection":[{"href":"https:\/\/blogdoedvaldomagalhaes.com.br\/index.php\/wp-json\/wp\/v2\/posts"}],"about":[{"href":"https:\/\/blogdoedvaldomagalhaes.com.br\/index.php\/wp-json\/wp\/v2\/types\/post"}],"author":[{"embeddable":true,"href":"https:\/\/blogdoedvaldomagalhaes.com.br\/index.php\/wp-json\/wp\/v2\/users\/1"}],"replies":[{"embeddable":true,"href":"https:\/\/blogdoedvaldomagalhaes.com.br\/index.php\/wp-json\/wp\/v2\/comments?post=67198"}],"version-history":[{"count":1,"href":"https:\/\/blogdoedvaldomagalhaes.com.br\/index.php\/wp-json\/wp\/v2\/posts\/67198\/revisions"}],"predecessor-version":[{"id":67199,"href":"https:\/\/blogdoedvaldomagalhaes.com.br\/index.php\/wp-json\/wp\/v2\/posts\/67198\/revisions\/67199"}],"wp:featuredmedia":[{"embeddable":true,"href":"https:\/\/blogdoedvaldomagalhaes.com.br\/index.php\/wp-json\/wp\/v2\/media\/67200"}],"wp:attachment":[{"href":"https:\/\/blogdoedvaldomagalhaes.com.br\/index.php\/wp-json\/wp\/v2\/media?parent=67198"}],"wp:term":[{"taxonomy":"category","embeddable":true,"href":"https:\/\/blogdoedvaldomagalhaes.com.br\/index.php\/wp-json\/wp\/v2\/categories?post=67198"},{"taxonomy":"post_tag","embeddable":true,"href":"https:\/\/blogdoedvaldomagalhaes.com.br\/index.php\/wp-json\/wp\/v2\/tags?post=67198"}],"curies":[{"name":"wp","href":"https:\/\/api.w.org\/{rel}","templated":true}]}}