{"id":67194,"date":"2021-02-24T16:04:09","date_gmt":"2021-02-24T19:04:09","guid":{"rendered":"https:\/\/blogdoedvaldomagalhaes.com.br\/?p=67194"},"modified":"2021-02-24T16:06:44","modified_gmt":"2021-02-24T19:06:44","slug":"apac-confirma-probabilidade-de-chuvas-abaixo-da-media-em-pernambuco-ate-o-mes-de-maio","status":"publish","type":"post","link":"https:\/\/blogdoedvaldomagalhaes.com.br\/index.php\/2021\/02\/24\/apac-confirma-probabilidade-de-chuvas-abaixo-da-media-em-pernambuco-ate-o-mes-de-maio\/","title":{"rendered":"Apac confirma probabilidade de chuvas abaixo da m\u00e9dia em Pernambuco at\u00e9 o m\u00eas de maio"},"content":{"rendered":"<p style=\"text-align: justify;\">Em reuni\u00e3o realizada nesta ter\u00e7a-feira (23 de fevereiro) remotamente, meio de videoconfer\u00eancia com participa\u00e7\u00e3o dos Centros Estaduais de Meteorologia dos 09 estados do Nordeste, \u00f3rg\u00e3os de meteorologia nacionais, INMET e CPTEC e internacionais, ECMWF e KIT manteve os indicativos de previs\u00e3o da reuni\u00e3o anterior.<br \/>\nA previs\u00e3o clim\u00e1tica em Pernambuco para o pr\u00f3ximo trimestre (mar\u00e7o, abril e maio) indica probabilidade de chuvas abaixo da m\u00e9dia clim\u00e1tica em todo o Estado. Neste per\u00edodo, a ocorr\u00eancia de chuva tem grande variabilidade temporal e espacial devido os sistemas indutores atuarem por per\u00edodo de tempo curto, o que significa dizer que podem sim, ocorrer chuvas em alguns dias com intensidade forte e acompanhada de trovoadas e rajadas de vento, em especial no Sert\u00e3o, cujos meses j\u00e1 englobam o per\u00edodo chuvoso, e no Agreste onde mar\u00e7o se inicia o per\u00edodo chuvoso.<br \/>\nPoder\u00e1 ser observado o aumento gradativo das chuvas em grande parte do estado pernambucano entre os meses, exceto no Sert\u00e3o que em abril ocorre uma diminui\u00e7\u00e3o, devido ao final do per\u00edodo chuvoso na regi\u00e3o.<br \/>\nPor esse motivo, \u00e9 importante o acompanhamento das previs\u00f5es di\u00e1rias no site da Apac, atrav\u00e9s do link www.apac.pe.gov.br ou atrav\u00e9s do Instagram @apac_oficial<br \/>\nNo m\u00eas de mar\u00e7o, ser\u00e1 realizada a primeira reuni\u00e3o clim\u00e1tica especialmente focada para o leste do Nordeste, que destaca as regi\u00f5es do Agreste, Zona da Mata e Regi\u00e3o Metropolitana do Recife.<\/p>\n<p style=\"text-align: justify;\">O documento com as informa\u00e7\u00f5es completas da previs\u00e3o do trimestre podem ser acessados atrav\u00e9s do link: https:\/\/www.apac.pe.gov.br\/uploads\/Informe-Previs&#8211;o-Climatica-Fevereiro-2021.pdf<\/p>\n<p>Foto: Reprodu\u00e7\u00e3o\/Apac.<\/p>\n","protected":false},"excerpt":{"rendered":"<p>Em reuni\u00e3o realizada nesta ter\u00e7a-feira (23 de fevereiro) remotamente, meio de videoconfer\u00eancia com participa\u00e7\u00e3o dos Centros Estaduais de Meteorologia dos&hellip;<\/p>\n","protected":false},"author":1,"featured_media":67196,"comment_status":"open","ping_status":"open","sticky":false,"template":"","format":"standard","meta":{"footnotes":""},"categories":[14120],"tags":[20916,2,19532,6],"class_list":["post-67194","post","type-post","status-publish","format-standard","has-post-thumbnail","hentry","category-noticias","tag-apac-confirma-probabilidade-de-chuvas-abaixo-da-media-em-pernambuco-ate-o-mes-de-maio","tag-blog-do-edvaldo-magalhaes","tag-blog-mais-acessado-e-visualizado-de-caruaru-e-regiao","tag-noticias"],"_links":{"self":[{"href":"https:\/\/blogdoedvaldomagalhaes.com.br\/index.php\/wp-json\/wp\/v2\/posts\/67194","targetHints":{"allow":["GET"]}}],"collection":[{"href":"https:\/\/blogdoedvaldomagalhaes.com.br\/index.php\/wp-json\/wp\/v2\/posts"}],"about":[{"href":"https:\/\/blogdoedvaldomagalhaes.com.br\/index.php\/wp-json\/wp\/v2\/types\/post"}],"author":[{"embeddable":true,"href":"https:\/\/blogdoedvaldomagalhaes.com.br\/index.php\/wp-json\/wp\/v2\/users\/1"}],"replies":[{"embeddable":true,"href":"https:\/\/blogdoedvaldomagalhaes.com.br\/index.php\/wp-json\/wp\/v2\/comments?post=67194"}],"version-history":[{"count":2,"href":"https:\/\/blogdoedvaldomagalhaes.com.br\/index.php\/wp-json\/wp\/v2\/posts\/67194\/revisions"}],"predecessor-version":[{"id":67197,"href":"https:\/\/blogdoedvaldomagalhaes.com.br\/index.php\/wp-json\/wp\/v2\/posts\/67194\/revisions\/67197"}],"wp:featuredmedia":[{"embeddable":true,"href":"https:\/\/blogdoedvaldomagalhaes.com.br\/index.php\/wp-json\/wp\/v2\/media\/67196"}],"wp:attachment":[{"href":"https:\/\/blogdoedvaldomagalhaes.com.br\/index.php\/wp-json\/wp\/v2\/media?parent=67194"}],"wp:term":[{"taxonomy":"category","embeddable":true,"href":"https:\/\/blogdoedvaldomagalhaes.com.br\/index.php\/wp-json\/wp\/v2\/categories?post=67194"},{"taxonomy":"post_tag","embeddable":true,"href":"https:\/\/blogdoedvaldomagalhaes.com.br\/index.php\/wp-json\/wp\/v2\/tags?post=67194"}],"curies":[{"name":"wp","href":"https:\/\/api.w.org\/{rel}","templated":true}]}}