{"id":67117,"date":"2021-02-21T15:09:53","date_gmt":"2021-02-21T18:09:53","guid":{"rendered":"https:\/\/blogdoedvaldomagalhaes.com.br\/?p=67117"},"modified":"2021-02-21T21:25:53","modified_gmt":"2021-02-22T00:25:53","slug":"tres-pessoas-morrem-em-capotamento-na-br-232-apos-festa-clandestina","status":"publish","type":"post","link":"https:\/\/blogdoedvaldomagalhaes.com.br\/index.php\/2021\/02\/21\/tres-pessoas-morrem-em-capotamento-na-br-232-apos-festa-clandestina\/","title":{"rendered":"Quatro pessoas morrem em capotamento na BR 232 ap\u00f3s festa clandestina"},"content":{"rendered":"<p style=\"text-align: justify;\">Um acidente de tr\u00e2nsito ocorreu na BR 232, km 204, pr\u00f3ximo ao Campo de Avia\u00e7\u00e3o, em Pesqueira, \u00e0s 3:45hs da madrugada deste domingo (21).<\/p>\n<p style=\"text-align: justify;\"><span style=\"font-size: inherit;\">As v\u00edtimas fatais foram Jo\u00e3o Vitor da Silva Leite, de 20 anos, Jo\u00e3o Vitor da Silva Esp\u00edndola, de 18 anos, Ane Gabriela Emile Souza Feitosa, de 18 anos, e o jovem identificado apenas como Expedito, conhecido como \u201cDito&#8221; de idade n\u00e3o informada.<\/span><\/p>\n<p style=\"text-align: justify;\">As v\u00edtimas voltavam de uma festa num s\u00edtio de Sanhar\u00f3 em uma picape Strada e quando o motorista que n\u00e3o teve o nome informado, ao descer uma ladeira que embaixo tem uma curva, perdeu o controle da dire\u00e7\u00e3o nessa curva, saiu da pista e capotou o carro, nisso as v\u00edtimas que viajavam na carroceria da picape foram arremessadas para fora do ve\u00edculo, dois morreram no local, enquanto que os outros foram socorrido pelo Samu, todos foram levados para o Hospital Dr. L\u00eddio Para\u00edba, em Pesqueira, e como quatro deles estavam em estado grave foram transferidos, tr\u00eas para o Hospital da Restaura\u00e7\u00e3o no Recife e um para o Hospital Regional do Agreste em Caruaru.<\/p>\n<p style=\"text-align: justify;\">Os corpos das v\u00edtimas foram encaminhados para o IML de Caruaru.<\/p>\n\n\n<figure class=\"wp-block-image size-large\"><img loading=\"lazy\" decoding=\"async\" width=\"1024\" height=\"512\" src=\"https:\/\/blogdoedvaldomagalhaes.com.br\/wp-content\/uploads\/2021\/02\/IMG-20210221-WA0066-1024x512.jpg\" alt=\"\" class=\"wp-image-67119\" srcset=\"https:\/\/blogdoedvaldomagalhaes.com.br\/wp-content\/uploads\/2021\/02\/IMG-20210221-WA0066-1024x512.jpg 1024w, https:\/\/blogdoedvaldomagalhaes.com.br\/wp-content\/uploads\/2021\/02\/IMG-20210221-WA0066-300x150.jpg 300w, https:\/\/blogdoedvaldomagalhaes.com.br\/wp-content\/uploads\/2021\/02\/IMG-20210221-WA0066-768x384.jpg 768w, https:\/\/blogdoedvaldomagalhaes.com.br\/wp-content\/uploads\/2021\/02\/IMG-20210221-WA0066.jpg 1280w\" sizes=\"auto, (max-width: 1024px) 100vw, 1024px\" \/><figcaption>Fotos: PRF\/Divulga\u00e7\u00e3o <\/figcaption><\/figure>\n\n\n\n<figure class=\"wp-block-image size-large\"><img loading=\"lazy\" decoding=\"async\" width=\"960\" height=\"720\" src=\"https:\/\/blogdoedvaldomagalhaes.com.br\/wp-content\/uploads\/2021\/02\/FB_IMG_1613934268247.jpg\" alt=\"\" class=\"wp-image-67122\" srcset=\"https:\/\/blogdoedvaldomagalhaes.com.br\/wp-content\/uploads\/2021\/02\/FB_IMG_1613934268247.jpg 960w, https:\/\/blogdoedvaldomagalhaes.com.br\/wp-content\/uploads\/2021\/02\/FB_IMG_1613934268247-300x225.jpg 300w, https:\/\/blogdoedvaldomagalhaes.com.br\/wp-content\/uploads\/2021\/02\/FB_IMG_1613934268247-768x576.jpg 768w, https:\/\/blogdoedvaldomagalhaes.com.br\/wp-content\/uploads\/2021\/02\/FB_IMG_1613934268247-160x120.jpg 160w\" sizes=\"auto, (max-width: 960px) 100vw, 960px\" \/><\/figure>\n\n\n\n<figure class=\"wp-block-image size-large\"><img loading=\"lazy\" decoding=\"async\" width=\"791\" height=\"960\" src=\"https:\/\/blogdoedvaldomagalhaes.com.br\/wp-content\/uploads\/2021\/02\/FB_IMG_1613934280579.jpg\" alt=\"\" class=\"wp-image-67123\" srcset=\"https:\/\/blogdoedvaldomagalhaes.com.br\/wp-content\/uploads\/2021\/02\/FB_IMG_1613934280579.jpg 791w, https:\/\/blogdoedvaldomagalhaes.com.br\/wp-content\/uploads\/2021\/02\/FB_IMG_1613934280579-247x300.jpg 247w, https:\/\/blogdoedvaldomagalhaes.com.br\/wp-content\/uploads\/2021\/02\/FB_IMG_1613934280579-768x932.jpg 768w\" sizes=\"auto, (max-width: 791px) 100vw, 791px\" \/><figcaption>Jo\u00e3o Vitor da Silva Leite<\/figcaption><\/figure>\n\n\n\n<figure class=\"wp-block-image size-large\"><img loading=\"lazy\" decoding=\"async\" width=\"720\" height=\"741\" src=\"https:\/\/blogdoedvaldomagalhaes.com.br\/wp-content\/uploads\/2021\/02\/FB_IMG_1613934285413.jpg\" alt=\"\" class=\"wp-image-67124\" srcset=\"https:\/\/blogdoedvaldomagalhaes.com.br\/wp-content\/uploads\/2021\/02\/FB_IMG_1613934285413.jpg 720w, https:\/\/blogdoedvaldomagalhaes.com.br\/wp-content\/uploads\/2021\/02\/FB_IMG_1613934285413-291x300.jpg 291w\" sizes=\"auto, (max-width: 720px) 100vw, 720px\" \/><figcaption>Ane Gabriela Emile Souza Feitosa<\/figcaption><\/figure>\n\n\n\n<figure class=\"wp-block-image size-large\"><img loading=\"lazy\" decoding=\"async\" width=\"325\" height=\"247\" src=\"https:\/\/blogdoedvaldomagalhaes.com.br\/wp-content\/uploads\/2021\/02\/IMG-20210221-WA01262.jpg\" alt=\"\" class=\"wp-image-67128\" srcset=\"https:\/\/blogdoedvaldomagalhaes.com.br\/wp-content\/uploads\/2021\/02\/IMG-20210221-WA01262.jpg 325w, https:\/\/blogdoedvaldomagalhaes.com.br\/wp-content\/uploads\/2021\/02\/IMG-20210221-WA01262-300x228.jpg 300w\" sizes=\"auto, (max-width: 325px) 100vw, 325px\" \/><figcaption>Jo\u00e3o Vitor da Silva Esp\u00edndola <\/figcaption><\/figure>\n","protected":false},"excerpt":{"rendered":"<p>Um acidente de tr\u00e2nsito ocorreu na BR 232, km 204, pr\u00f3ximo ao Campo de Avia\u00e7\u00e3o, em Pesqueira, \u00e0s 3:45hs da&hellip;<\/p>\n","protected":false},"author":1,"featured_media":67118,"comment_status":"open","ping_status":"open","sticky":false,"template":"","format":"standard","meta":{"footnotes":""},"categories":[14120],"tags":[14276,2,19532,20901],"class_list":["post-67117","post","type-post","status-publish","format-standard","has-post-thumbnail","hentry","category-noticias","tag-acidente","tag-blog-do-edvaldo-magalhaes","tag-blog-mais-acessado-e-visualizado-de-caruaru-e-regiao","tag-quatro-pessoas-morrem-em-capotamento-na-br-232-apos-festa-clandestina"],"_links":{"self":[{"href":"https:\/\/blogdoedvaldomagalhaes.com.br\/index.php\/wp-json\/wp\/v2\/posts\/67117","targetHints":{"allow":["GET"]}}],"collection":[{"href":"https:\/\/blogdoedvaldomagalhaes.com.br\/index.php\/wp-json\/wp\/v2\/posts"}],"about":[{"href":"https:\/\/blogdoedvaldomagalhaes.com.br\/index.php\/wp-json\/wp\/v2\/types\/post"}],"author":[{"embeddable":true,"href":"https:\/\/blogdoedvaldomagalhaes.com.br\/index.php\/wp-json\/wp\/v2\/users\/1"}],"replies":[{"embeddable":true,"href":"https:\/\/blogdoedvaldomagalhaes.com.br\/index.php\/wp-json\/wp\/v2\/comments?post=67117"}],"version-history":[{"count":7,"href":"https:\/\/blogdoedvaldomagalhaes.com.br\/index.php\/wp-json\/wp\/v2\/posts\/67117\/revisions"}],"predecessor-version":[{"id":67137,"href":"https:\/\/blogdoedvaldomagalhaes.com.br\/index.php\/wp-json\/wp\/v2\/posts\/67117\/revisions\/67137"}],"wp:featuredmedia":[{"embeddable":true,"href":"https:\/\/blogdoedvaldomagalhaes.com.br\/index.php\/wp-json\/wp\/v2\/media\/67118"}],"wp:attachment":[{"href":"https:\/\/blogdoedvaldomagalhaes.com.br\/index.php\/wp-json\/wp\/v2\/media?parent=67117"}],"wp:term":[{"taxonomy":"category","embeddable":true,"href":"https:\/\/blogdoedvaldomagalhaes.com.br\/index.php\/wp-json\/wp\/v2\/categories?post=67117"},{"taxonomy":"post_tag","embeddable":true,"href":"https:\/\/blogdoedvaldomagalhaes.com.br\/index.php\/wp-json\/wp\/v2\/tags?post=67117"}],"curies":[{"name":"wp","href":"https:\/\/api.w.org\/{rel}","templated":true}]}}