{"id":67114,"date":"2021-02-21T12:47:18","date_gmt":"2021-02-21T15:47:18","guid":{"rendered":"https:\/\/blogdoedvaldomagalhaes.com.br\/?p=67114"},"modified":"2021-02-21T12:47:19","modified_gmt":"2021-02-21T15:47:19","slug":"nene-vanucci-entrega-o-cargo-e-catende-assume-o-comando-tecnico-do-central","status":"publish","type":"post","link":"https:\/\/blogdoedvaldomagalhaes.com.br\/index.php\/2021\/02\/21\/nene-vanucci-entrega-o-cargo-e-catende-assume-o-comando-tecnico-do-central\/","title":{"rendered":"Nen\u00ea Vanucci entrega o cargo e Catende assume o comando t\u00e9cnico do Central"},"content":{"rendered":"<p style=\"text-align: justify;\">O t\u00e9cnico Nen\u00ea Vanucci entregou o cargo a diretoria do Central Sport Club, neste domingo (21), faltando uma semana para a estr\u00e9ia da Patativa no Campeonato Pernambucano 2021. Leia a Nota do t\u00e9cnico:<\/p>\n<p style=\"text-align: justify;\">&#8220;Bom dia a todos venho por meio dessa nota que estou me desligando do comando tecnico do Central pois surgiu uma oportunidade muito boa pra minha carreira agradeco a torcida, imprensa e principalmente aos atletas e membros da comissao t\u00e9cnica, estou indo para S\u00e3o Paulo me reunir com meus representantes para ajustar detalhes para essa nova jornada.<br \/>\nUm dos pontos do meu desligamento foi a inseguranca de dar uma continuidade no planejamento de sequ\u00eancia no clube.<br \/>\nAgradeco a todos e desejo toda sorte do mundo para o Central!!!<br \/>\nRecado para os atletas voces sao guerreiros e merecem todo o meu respeito,<br \/>\nEu acredito!!!&#8221;<\/p>\n<p style=\"text-align: justify;\">Para a estr\u00e9ia no Pernambucano 2021, contra o N\u00e1utico, no pr\u00f3ximo s\u00e1bado (27), \u00e0s 19h, nos Aflitos, em Recife, quem vai comandar o Central ser\u00e1 Catende. O profissional est\u00e1 de volta ao clube e colocar\u00e1 o time em campo.<\/p>\n<p>Foto: Central Sport Club\/Divulga\u00e7\u00e3o.<\/p>\n","protected":false},"excerpt":{"rendered":"<p>O t\u00e9cnico Nen\u00ea Vanucci entregou o cargo a diretoria do Central Sport Club, neste domingo (21), faltando uma semana para&hellip;<\/p>\n","protected":false},"author":1,"featured_media":67115,"comment_status":"open","ping_status":"open","sticky":false,"template":"","format":"standard","meta":{"footnotes":""},"categories":[14123],"tags":[2,19532,2954,20898,1950],"class_list":["post-67114","post","type-post","status-publish","format-standard","has-post-thumbnail","hentry","category-futebol","tag-blog-do-edvaldo-magalhaes","tag-blog-mais-acessado-e-visualizado-de-caruaru-e-regiao","tag-central-sport-club","tag-nene-vanucci-entrega-o-cargo-e-catende-assume-o-comando-tecnico-do-central","tag-noticias-de-caruaru"],"_links":{"self":[{"href":"https:\/\/blogdoedvaldomagalhaes.com.br\/index.php\/wp-json\/wp\/v2\/posts\/67114","targetHints":{"allow":["GET"]}}],"collection":[{"href":"https:\/\/blogdoedvaldomagalhaes.com.br\/index.php\/wp-json\/wp\/v2\/posts"}],"about":[{"href":"https:\/\/blogdoedvaldomagalhaes.com.br\/index.php\/wp-json\/wp\/v2\/types\/post"}],"author":[{"embeddable":true,"href":"https:\/\/blogdoedvaldomagalhaes.com.br\/index.php\/wp-json\/wp\/v2\/users\/1"}],"replies":[{"embeddable":true,"href":"https:\/\/blogdoedvaldomagalhaes.com.br\/index.php\/wp-json\/wp\/v2\/comments?post=67114"}],"version-history":[{"count":1,"href":"https:\/\/blogdoedvaldomagalhaes.com.br\/index.php\/wp-json\/wp\/v2\/posts\/67114\/revisions"}],"predecessor-version":[{"id":67116,"href":"https:\/\/blogdoedvaldomagalhaes.com.br\/index.php\/wp-json\/wp\/v2\/posts\/67114\/revisions\/67116"}],"wp:featuredmedia":[{"embeddable":true,"href":"https:\/\/blogdoedvaldomagalhaes.com.br\/index.php\/wp-json\/wp\/v2\/media\/67115"}],"wp:attachment":[{"href":"https:\/\/blogdoedvaldomagalhaes.com.br\/index.php\/wp-json\/wp\/v2\/media?parent=67114"}],"wp:term":[{"taxonomy":"category","embeddable":true,"href":"https:\/\/blogdoedvaldomagalhaes.com.br\/index.php\/wp-json\/wp\/v2\/categories?post=67114"},{"taxonomy":"post_tag","embeddable":true,"href":"https:\/\/blogdoedvaldomagalhaes.com.br\/index.php\/wp-json\/wp\/v2\/tags?post=67114"}],"curies":[{"name":"wp","href":"https:\/\/api.w.org\/{rel}","templated":true}]}}