{"id":67111,"date":"2021-02-21T11:08:00","date_gmt":"2021-02-21T14:08:00","guid":{"rendered":"https:\/\/blogdoedvaldomagalhaes.com.br\/?p=67111"},"modified":"2021-02-21T11:08:02","modified_gmt":"2021-02-21T14:08:02","slug":"compartilhe-crianca-de-6-anos-de-idade-esta-desaparecida-em-caruaru","status":"publish","type":"post","link":"https:\/\/blogdoedvaldomagalhaes.com.br\/index.php\/2021\/02\/21\/compartilhe-crianca-de-6-anos-de-idade-esta-desaparecida-em-caruaru\/","title":{"rendered":"Compartilhe: Crian\u00e7a de 6 anos de idade est\u00e1 desaparecida em Caruaru"},"content":{"rendered":"<p style=\"text-align: justify;\"><span style=\"font-size: inherit;\">Est\u00e1 desaparecido desde a noite desse s\u00e1bado (20), no bairro Salgado, pr\u00f3ximo a caixa d&#8217;\u00e1gua o garotinho Kaysllan Lucas Bezerra dos Santos de 06 anos de idade. O menino saiu de casa no in\u00edcio da noite e deixou sua av\u00f3 trancada, ela tinha uma chave reserva e conseguiu sair e informou a m\u00e3e do menino que desde de ontem anda a procura da crian\u00e7a e est\u00e3o todos desesperados.<\/span><\/p>\n<p style=\"text-align: justify;\">Se algu\u00e9m ver ou souber onde se encontra Kaysllan entre em contato atrav\u00e9s do n\u00famero: (81) 99329-2982. Desde de j\u00e1 agradecemos a aten\u00e7\u00e3o de todos.<\/p>\n","protected":false},"excerpt":{"rendered":"<p>Est\u00e1 desaparecido desde a noite desse s\u00e1bado (20), no bairro Salgado, pr\u00f3ximo a caixa d&#8217;\u00e1gua o garotinho Kaysllan Lucas Bezerra&hellip;<\/p>\n","protected":false},"author":1,"featured_media":67112,"comment_status":"open","ping_status":"open","sticky":false,"template":"","format":"standard","meta":{"footnotes":""},"categories":[14120],"tags":[2,19532,20896,1950],"class_list":["post-67111","post","type-post","status-publish","format-standard","has-post-thumbnail","hentry","category-noticias","tag-blog-do-edvaldo-magalhaes","tag-blog-mais-acessado-e-visualizado-de-caruaru-e-regiao","tag-compartilhe-crianca-de-6-anos-de-idade-esta-desaparecida-em-caruaru","tag-noticias-de-caruaru"],"_links":{"self":[{"href":"https:\/\/blogdoedvaldomagalhaes.com.br\/index.php\/wp-json\/wp\/v2\/posts\/67111","targetHints":{"allow":["GET"]}}],"collection":[{"href":"https:\/\/blogdoedvaldomagalhaes.com.br\/index.php\/wp-json\/wp\/v2\/posts"}],"about":[{"href":"https:\/\/blogdoedvaldomagalhaes.com.br\/index.php\/wp-json\/wp\/v2\/types\/post"}],"author":[{"embeddable":true,"href":"https:\/\/blogdoedvaldomagalhaes.com.br\/index.php\/wp-json\/wp\/v2\/users\/1"}],"replies":[{"embeddable":true,"href":"https:\/\/blogdoedvaldomagalhaes.com.br\/index.php\/wp-json\/wp\/v2\/comments?post=67111"}],"version-history":[{"count":1,"href":"https:\/\/blogdoedvaldomagalhaes.com.br\/index.php\/wp-json\/wp\/v2\/posts\/67111\/revisions"}],"predecessor-version":[{"id":67113,"href":"https:\/\/blogdoedvaldomagalhaes.com.br\/index.php\/wp-json\/wp\/v2\/posts\/67111\/revisions\/67113"}],"wp:featuredmedia":[{"embeddable":true,"href":"https:\/\/blogdoedvaldomagalhaes.com.br\/index.php\/wp-json\/wp\/v2\/media\/67112"}],"wp:attachment":[{"href":"https:\/\/blogdoedvaldomagalhaes.com.br\/index.php\/wp-json\/wp\/v2\/media?parent=67111"}],"wp:term":[{"taxonomy":"category","embeddable":true,"href":"https:\/\/blogdoedvaldomagalhaes.com.br\/index.php\/wp-json\/wp\/v2\/categories?post=67111"},{"taxonomy":"post_tag","embeddable":true,"href":"https:\/\/blogdoedvaldomagalhaes.com.br\/index.php\/wp-json\/wp\/v2\/tags?post=67111"}],"curies":[{"name":"wp","href":"https:\/\/api.w.org\/{rel}","templated":true}]}}