{"id":67107,"date":"2021-02-20T20:27:36","date_gmt":"2021-02-20T23:27:36","guid":{"rendered":"https:\/\/blogdoedvaldomagalhaes.com.br\/?p=67107"},"modified":"2021-02-20T20:27:38","modified_gmt":"2021-02-20T23:27:38","slug":"pernambuco-registra-1-132-novos-casos-de-covid-19-e-ja-aplicou-mais-de-328-mil-doses-de-vacina","status":"publish","type":"post","link":"https:\/\/blogdoedvaldomagalhaes.com.br\/index.php\/2021\/02\/20\/pernambuco-registra-1-132-novos-casos-de-covid-19-e-ja-aplicou-mais-de-328-mil-doses-de-vacina\/","title":{"rendered":"Pernambuco registra 1.132 novos casos de covid-19 e j\u00e1 aplicou mais de 328 mil doses de vacina"},"content":{"rendered":"<p style=\"text-align: justify;\">A Secretaria Estadual de Sa\u00fade (SES-PE) registrou, neste s\u00e1bado (19\/02), 1.132 casos da Covid-19. Entre os confirmados hoje, 66 (6%) s\u00e3o casos de S\u00edndrome Respirat\u00f3ria Aguda Grave (SRAG) e 1.066 (94%) s\u00e3o leves. Agora, Pernambuco totaliza 289.556 casos confirmados da doen\u00e7a, sendo 32.076 graves e 257.480 leves, que est\u00e3o distribu\u00eddos por todos os 184 munic\u00edpios pernambucanos, al\u00e9m do arquip\u00e9lago de Fernando de Noronha.<br \/><br \/>Al\u00e9m disso, o boletim registra um total de 249.822 pacientes recuperados da doen\u00e7a. Destes, 19.579 eram pacientes graves, que necessitaram de internamento hospitalar, e 230.243 eram casos leves.<br \/><br \/>Tamb\u00e9m foram confirmados laboratorialmente 35 novos \u00f3bitos (18 masculinos e 17 femininos), ocorridos entre os dias 29\/10\/2020 e 18\/02\/2021. As novas mortes s\u00e3o de pessoas residentes dos munic\u00edpios de Bu\u00edque (1), Camaragibe (1), Caruaru (1), Exu (1), Ipojuca (2), Jaboat\u00e3o dos Guararapes (3), Jata\u00faba (1), Jo\u00e3o Alfredo (1), Paulista (5), Petrolina (2), Recife (9), Rio Formoso (1), Salgueiro (1), Sanhar\u00f3 (1), Santa Cruz do Capibaribe (2), S\u00e3o Louren\u00e7o da Mata (1), Sirinha\u00e9m (1) e Surubim (1). Com isso, o Estado totaliza 10.839 mortes pela doen\u00e7a.<br \/><br \/>Os pacientes tinham idades entre 45 e 97 anos. As faixas et\u00e1rias s\u00e3o: 40 a 49 (2), 50 a 59 (6), 60 a 69 (10), 70 a 79 (9) e 80 ou mais (8). Do total, 27 tinham doen\u00e7as pr\u00e9-existentes: doen\u00e7a cardiovascular (20), diabetes (7), obesidade (6), hipertens\u00e3o (5), tabagismo\/hist\u00f3rico de tabagismo (4), doen\u00e7a respirat\u00f3ria (2), AVC (2), doen\u00e7a hep\u00e1tica (1) e c\u00e2ncer (1) &#8211; um paciente pode ter mais de uma comorbidade. Um paciente n\u00e3o tinha comorbidades e os demais est\u00e3o em investiga\u00e7\u00e3o.<br \/><br \/>Com rela\u00e7\u00e3o \u00e0 testagem dos profissionais de sa\u00fade com sintomas de gripe, em Pernambuco, at\u00e9 agora, 26.309 casos foram confirmados e 46.204 descartados. As testagens entre os trabalhadores do setor abrangem os profissionais de todas as unidades de sa\u00fade, sejam da rede p\u00fablica (estadual e municipal) ou privada. O Governo de Pernambuco foi o primeiro do pa\u00eds a criar um protocolo para testar e afastar os profissionais da \u00e1rea da sa\u00fade com sintomas gripais.<br \/><br \/><b>BALAN\u00c7O DA VACINA\u00c7\u00c3O &#8211;\u00a0<\/b>Pernambuco j\u00e1 aplicou 328.310 doses da vacina contra a Covid-19, das quais 258.440 foram primeiras doses. Ao todo, foram feitas a primeira dose em 140.958 trabalhadores de sa\u00fade; 23.757 povos ind\u00edgenas aldeados; 5.584 idosos em Institui\u00e7\u00f5es de Longa Perman\u00eancia; 15.004 idosos entre 80 e 84 anos; 72.404 idosos a partir dos 85 anos, al\u00e9m de 733 pessoas com defici\u00eancia institucionalizadas.<br \/><br \/>Em rela\u00e7\u00e3o \u00e0 segunda dose, j\u00e1 foram beneficiados 48.737 trabalhadores de sa\u00fade; 18.269 povos ind\u00edgenas aldeados; 2.759 idosos institucionalizados e 105 pessoas com defici\u00eancia institucionalizadas; totalizando 69.870 pessoas que j\u00e1 finalizaram o esquema.<\/p>\n\n\n<figure class=\"wp-block-image size-large\"><img loading=\"lazy\" decoding=\"async\" width=\"1024\" height=\"819\" src=\"https:\/\/blogdoedvaldomagalhaes.com.br\/wp-content\/uploads\/2021\/02\/IMG_20210220_202505-1024x819.jpg\" alt=\"\" class=\"wp-image-67109\" srcset=\"https:\/\/blogdoedvaldomagalhaes.com.br\/wp-content\/uploads\/2021\/02\/IMG_20210220_202505-1024x819.jpg 1024w, https:\/\/blogdoedvaldomagalhaes.com.br\/wp-content\/uploads\/2021\/02\/IMG_20210220_202505-300x240.jpg 300w, https:\/\/blogdoedvaldomagalhaes.com.br\/wp-content\/uploads\/2021\/02\/IMG_20210220_202505-768x614.jpg 768w, https:\/\/blogdoedvaldomagalhaes.com.br\/wp-content\/uploads\/2021\/02\/IMG_20210220_202505.jpg 1250w\" sizes=\"auto, (max-width: 1024px) 100vw, 1024px\" \/><\/figure>\n","protected":false},"excerpt":{"rendered":"<p>A Secretaria Estadual de Sa\u00fade (SES-PE) registrou, neste s\u00e1bado (19\/02), 1.132 casos da Covid-19. Entre os confirmados hoje, 66 (6%)&hellip;<\/p>\n","protected":false},"author":1,"featured_media":67108,"comment_status":"open","ping_status":"open","sticky":false,"template":"","format":"standard","meta":{"footnotes":""},"categories":[14120],"tags":[2,19532,17559,19670,20895],"class_list":["post-67107","post","type-post","status-publish","format-standard","has-post-thumbnail","hentry","category-noticias","tag-blog-do-edvaldo-magalhaes","tag-blog-mais-acessado-e-visualizado-de-caruaru-e-regiao","tag-covid-19","tag-novo-coronavirus","tag-pernambuco-registra-1-132-novos-casos-de-covid-19-e-ja-aplicou-mais-de-328-mil-doses-de-vacina"],"_links":{"self":[{"href":"https:\/\/blogdoedvaldomagalhaes.com.br\/index.php\/wp-json\/wp\/v2\/posts\/67107","targetHints":{"allow":["GET"]}}],"collection":[{"href":"https:\/\/blogdoedvaldomagalhaes.com.br\/index.php\/wp-json\/wp\/v2\/posts"}],"about":[{"href":"https:\/\/blogdoedvaldomagalhaes.com.br\/index.php\/wp-json\/wp\/v2\/types\/post"}],"author":[{"embeddable":true,"href":"https:\/\/blogdoedvaldomagalhaes.com.br\/index.php\/wp-json\/wp\/v2\/users\/1"}],"replies":[{"embeddable":true,"href":"https:\/\/blogdoedvaldomagalhaes.com.br\/index.php\/wp-json\/wp\/v2\/comments?post=67107"}],"version-history":[{"count":1,"href":"https:\/\/blogdoedvaldomagalhaes.com.br\/index.php\/wp-json\/wp\/v2\/posts\/67107\/revisions"}],"predecessor-version":[{"id":67110,"href":"https:\/\/blogdoedvaldomagalhaes.com.br\/index.php\/wp-json\/wp\/v2\/posts\/67107\/revisions\/67110"}],"wp:featuredmedia":[{"embeddable":true,"href":"https:\/\/blogdoedvaldomagalhaes.com.br\/index.php\/wp-json\/wp\/v2\/media\/67108"}],"wp:attachment":[{"href":"https:\/\/blogdoedvaldomagalhaes.com.br\/index.php\/wp-json\/wp\/v2\/media?parent=67107"}],"wp:term":[{"taxonomy":"category","embeddable":true,"href":"https:\/\/blogdoedvaldomagalhaes.com.br\/index.php\/wp-json\/wp\/v2\/categories?post=67107"},{"taxonomy":"post_tag","embeddable":true,"href":"https:\/\/blogdoedvaldomagalhaes.com.br\/index.php\/wp-json\/wp\/v2\/tags?post=67107"}],"curies":[{"name":"wp","href":"https:\/\/api.w.org\/{rel}","templated":true}]}}