{"id":67102,"date":"2021-02-20T20:10:34","date_gmt":"2021-02-20T23:10:34","guid":{"rendered":"https:\/\/blogdoedvaldomagalhaes.com.br\/?p=67102"},"modified":"2021-02-20T20:10:36","modified_gmt":"2021-02-20T23:10:36","slug":"caminhoneiro-morre-apos-tombar-veiculo-na-br-423-em-serra-dos-ventos","status":"publish","type":"post","link":"https:\/\/blogdoedvaldomagalhaes.com.br\/index.php\/2021\/02\/20\/caminhoneiro-morre-apos-tombar-veiculo-na-br-423-em-serra-dos-ventos\/","title":{"rendered":"Caminhoneiro morre ap\u00f3s tombar ve\u00edculo na BR 423 em Serra dos Ventos"},"content":{"rendered":"<p>Neste s\u00e1bado (20), houve um cidente tipo tombamento na Br 423, km 128, Serra dos Ventos, Salo\u00e1\/PE.<\/p>\n<p>Houve uma falha no sistemas seguida de frenagem e o ve\u00edculo perdeu o controle, colidiu contra um barranco e tombou.<\/p>\n<p>O motorista n\u00e3o utilizava cinto de seguran\u00e7a e faleceu no local.<\/p>\n<p>Ele transportava uma carga de massa de tapioca.<\/p>\n\n\n<figure class=\"wp-block-image size-large\"><img loading=\"lazy\" decoding=\"async\" width=\"576\" height=\"1024\" src=\"https:\/\/blogdoedvaldomagalhaes.com.br\/wp-content\/uploads\/2021\/02\/IMG-20210220-WA0306-576x1024.jpg\" alt=\"\" class=\"wp-image-67104\" srcset=\"https:\/\/blogdoedvaldomagalhaes.com.br\/wp-content\/uploads\/2021\/02\/IMG-20210220-WA0306-576x1024.jpg 576w, https:\/\/blogdoedvaldomagalhaes.com.br\/wp-content\/uploads\/2021\/02\/IMG-20210220-WA0306-169x300.jpg 169w, https:\/\/blogdoedvaldomagalhaes.com.br\/wp-content\/uploads\/2021\/02\/IMG-20210220-WA0306.jpg 720w\" sizes=\"auto, (max-width: 576px) 100vw, 576px\" \/><\/figure>\n\n\n\n<figure class=\"wp-block-image size-large\"><img loading=\"lazy\" decoding=\"async\" width=\"1024\" height=\"576\" src=\"https:\/\/blogdoedvaldomagalhaes.com.br\/wp-content\/uploads\/2021\/02\/IMG-20210220-WA0305-1024x576.jpg\" alt=\"\" class=\"wp-image-67105\" srcset=\"https:\/\/blogdoedvaldomagalhaes.com.br\/wp-content\/uploads\/2021\/02\/IMG-20210220-WA0305-1024x576.jpg 1024w, https:\/\/blogdoedvaldomagalhaes.com.br\/wp-content\/uploads\/2021\/02\/IMG-20210220-WA0305-300x169.jpg 300w, https:\/\/blogdoedvaldomagalhaes.com.br\/wp-content\/uploads\/2021\/02\/IMG-20210220-WA0305-768x432.jpg 768w, https:\/\/blogdoedvaldomagalhaes.com.br\/wp-content\/uploads\/2021\/02\/IMG-20210220-WA0305-1140x641.jpg 1140w, https:\/\/blogdoedvaldomagalhaes.com.br\/wp-content\/uploads\/2021\/02\/IMG-20210220-WA0305-720x405.jpg 720w, https:\/\/blogdoedvaldomagalhaes.com.br\/wp-content\/uploads\/2021\/02\/IMG-20210220-WA0305.jpg 1280w\" sizes=\"auto, (max-width: 1024px) 100vw, 1024px\" \/><figcaption>Fotos: PRF\/Divulga\u00e7\u00e3o <\/figcaption><\/figure>\n","protected":false},"excerpt":{"rendered":"<p>Neste s\u00e1bado (20), houve um cidente tipo tombamento na Br 423, km 128, Serra dos Ventos, Salo\u00e1\/PE. Houve uma falha&hellip;<\/p>\n","protected":false},"author":1,"featured_media":67103,"comment_status":"open","ping_status":"open","sticky":false,"template":"","format":"standard","meta":{"footnotes":""},"categories":[14120],"tags":[14276,2,19532,20894,10472],"class_list":["post-67102","post","type-post","status-publish","format-standard","has-post-thumbnail","hentry","category-noticias","tag-acidente","tag-blog-do-edvaldo-magalhaes","tag-blog-mais-acessado-e-visualizado-de-caruaru-e-regiao","tag-caminhoneiro-morre-apos-tombar-veiculo-na-br-423-em-serra-dos-ventos","tag-saloa"],"_links":{"self":[{"href":"https:\/\/blogdoedvaldomagalhaes.com.br\/index.php\/wp-json\/wp\/v2\/posts\/67102","targetHints":{"allow":["GET"]}}],"collection":[{"href":"https:\/\/blogdoedvaldomagalhaes.com.br\/index.php\/wp-json\/wp\/v2\/posts"}],"about":[{"href":"https:\/\/blogdoedvaldomagalhaes.com.br\/index.php\/wp-json\/wp\/v2\/types\/post"}],"author":[{"embeddable":true,"href":"https:\/\/blogdoedvaldomagalhaes.com.br\/index.php\/wp-json\/wp\/v2\/users\/1"}],"replies":[{"embeddable":true,"href":"https:\/\/blogdoedvaldomagalhaes.com.br\/index.php\/wp-json\/wp\/v2\/comments?post=67102"}],"version-history":[{"count":1,"href":"https:\/\/blogdoedvaldomagalhaes.com.br\/index.php\/wp-json\/wp\/v2\/posts\/67102\/revisions"}],"predecessor-version":[{"id":67106,"href":"https:\/\/blogdoedvaldomagalhaes.com.br\/index.php\/wp-json\/wp\/v2\/posts\/67102\/revisions\/67106"}],"wp:featuredmedia":[{"embeddable":true,"href":"https:\/\/blogdoedvaldomagalhaes.com.br\/index.php\/wp-json\/wp\/v2\/media\/67103"}],"wp:attachment":[{"href":"https:\/\/blogdoedvaldomagalhaes.com.br\/index.php\/wp-json\/wp\/v2\/media?parent=67102"}],"wp:term":[{"taxonomy":"category","embeddable":true,"href":"https:\/\/blogdoedvaldomagalhaes.com.br\/index.php\/wp-json\/wp\/v2\/categories?post=67102"},{"taxonomy":"post_tag","embeddable":true,"href":"https:\/\/blogdoedvaldomagalhaes.com.br\/index.php\/wp-json\/wp\/v2\/tags?post=67102"}],"curies":[{"name":"wp","href":"https:\/\/api.w.org\/{rel}","templated":true}]}}