{"id":671,"date":"2018-11-19T15:29:00","date_gmt":"2018-11-19T17:29:00","guid":{"rendered":"http:\/\/blogdoedvaldomagalhaes.com.br\/index.php\/2018\/11\/19\/empresa-coletivo-faz-balanco-de\/"},"modified":"2019-02-09T02:42:04","modified_gmt":"2019-02-09T04:42:04","slug":"empresa-coletivo-faz-balanco-de","status":"publish","type":"post","link":"https:\/\/blogdoedvaldomagalhaes.com.br\/index.php\/2018\/11\/19\/empresa-coletivo-faz-balanco-de\/","title":{"rendered":"Empresa Coletivo faz balan\u00e7o de atendimentos do Outubro Rosa e Novembro Azul"},"content":{"rendered":"<div class=\"separator\" style=\"clear: both; text-align: center;\">\n<a href=\"https:\/\/4.bp.blogspot.com\/-EAWESvpOmVg\/W_LWUv73nRI\/AAAAAAAA98s\/0Roer22SkTol1zv-OGo5dneUf_iPTAq5gCLcBGAs\/s1600\/01.jpeg\" imageanchor=\"1\" style=\"margin-left: 1em; margin-right: 1em;\"><img loading=\"lazy\" decoding=\"async\" border=\"0\" data-original-height=\"960\" data-original-width=\"1280\" height=\"480\" src=\"http:\/\/blogdoedvaldomagalhaes.com.br\/wp-content\/uploads\/2018\/11\/01.jpeg\" width=\"640\" \/><\/a><\/div>\n<div style=\"background-color: white; text-align: justify;\">\n<\/div>\n<div style=\"background-color: white; text-align: justify;\">\nDurante os meses de outubro e novembro, a empresa de \u00f4nibus Coletivos realizou diversas a\u00e7\u00f5es para alertar sobre a preven\u00e7\u00e3o do c\u00e2ncer de mama e de pr\u00f3stata. Os servi\u00e7os foram oferecidos para os colaboradores da empresa e para o p\u00fablico &nbsp;externo da comunidade Vila do Aeroporto e do centro da cidade.&nbsp;<\/div>\n<div style=\"background-color: white; text-align: justify;\">\n<\/div>\n<div style=\"background-color: white; text-align: justify;\">\nNos dias 25 e 26 de outubro, foram realizados, aproximadamente, 400 atendimentos entre o p\u00fablico interno, colaboradores da empresa, &nbsp;e externo direcionado &nbsp;a popula\u00e7\u00e3o da Vila do Aeroporto.&nbsp;<\/div>\n<div style=\"background-color: white; text-align: justify;\">\n<\/div>\n<div class=\"separator\" style=\"clear: both; text-align: center;\">\n<a href=\"https:\/\/1.bp.blogspot.com\/-69PqpTsIL-E\/W_LWZKW8GPI\/AAAAAAAA98w\/cyx2eCfT6JA2O8A_Y96tGeVcysFJtjkvwCLcBGAs\/s1600\/02.jpeg\" imageanchor=\"1\" style=\"margin-left: 1em; margin-right: 1em;\"><img loading=\"lazy\" decoding=\"async\" border=\"0\" data-original-height=\"1280\" data-original-width=\"960\" height=\"640\" src=\"http:\/\/blogdoedvaldomagalhaes.com.br\/wp-content\/uploads\/2018\/11\/02.jpeg\" width=\"480\" \/><\/a><\/div>\n<div style=\"background-color: white; text-align: justify;\">\n<\/div>\n<div style=\"background-color: white; text-align: justify;\">\nNa ocasi\u00e3o, foram oferecidos servi\u00e7os de &nbsp;cuidados com a beleza e a preven\u00e7\u00e3o da sa\u00fade da mulher, como corte de cabelo e designer de sobrancelha com a parceria do Senac; limpeza de pele, massagem relaxante, auriculoterapia al\u00e9m teste de glicose e aferi\u00e7\u00e3o da press\u00e3o arterial, realizados pelo Grau T\u00e9cnico e aplica\u00e7\u00e3o de vacinas disponibilizadas da Prefeitura Municipal de Caruaru.&nbsp; A a\u00e7\u00e3o contou ainda com a parceria do Sest Senat que refor\u00e7ou a campanha de Preven\u00e7\u00e3o de Acidentes.<\/div>\n<div style=\"background-color: white; text-align: justify;\">\n<\/div>\n<div class=\"separator\" style=\"clear: both; text-align: center;\">\n<a href=\"https:\/\/3.bp.blogspot.com\/-MZw4fRRWy5Y\/W_LWlXrbqkI\/AAAAAAAA984\/RHNClihNTZYETDbLKyvGs4t44gg-kjkjwCLcBGAs\/s1600\/03.jpeg\" imageanchor=\"1\" style=\"margin-left: 1em; margin-right: 1em;\"><img loading=\"lazy\" decoding=\"async\" border=\"0\" data-original-height=\"1280\" data-original-width=\"960\" height=\"640\" src=\"http:\/\/blogdoedvaldomagalhaes.com.br\/wp-content\/uploads\/2018\/11\/03.jpeg\" width=\"480\" \/><\/a><\/div>\n<div style=\"background-color: white; text-align: justify;\">\n<\/div>\n<div style=\"background-color: white; text-align: justify;\">\nDurante o m\u00eas de novembro, as a\u00e7\u00f5es foram direcionadas a sa\u00fade dos homens em prol da Campanha Novembro Azul. A a\u00e7\u00e3o aconteceu em duas etapas, sendo uma delas internamente, na sede da empresa, e outra externa em frente a loja Coletivo, localizada na pra\u00e7a do Ros\u00e1rio.<\/div>\n<div style=\"background-color: white; text-align: justify;\">\n&nbsp;<\/div>\n<div style=\"background-color: white; text-align: justify;\">\nNo dia 13 de novembro, primeiro dia da a\u00e7\u00e3o, foram oferecidos servi\u00e7os de limpeza de pele, massagem relaxante, auriculoterapia, servi\u00e7os de corte de cabelo e barba, em parceria com o Senac, teste de glicose e aferi\u00e7\u00e3o da press\u00e3o arterial com o apoio da equipe profissional do Prepara Cursos.&nbsp;<\/div>\n<div style=\"background-color: white; text-align: justify;\">\n<\/div>\n<div class=\"separator\" style=\"clear: both; text-align: center;\">\n<a href=\"https:\/\/1.bp.blogspot.com\/-5AeXTLNlJhE\/W_LWq_9fh7I\/AAAAAAAA99A\/9BXmDVo9Ya8ssN-VGa5pMTt3zp8O8368QCLcBGAs\/s1600\/04.jpeg\" imageanchor=\"1\" style=\"margin-left: 1em; margin-right: 1em;\"><img loading=\"lazy\" decoding=\"async\" border=\"0\" data-original-height=\"1280\" data-original-width=\"960\" height=\"640\" src=\"http:\/\/blogdoedvaldomagalhaes.com.br\/wp-content\/uploads\/2018\/11\/04.jpeg\" width=\"480\" \/><\/a><\/div>\n<div style=\"background-color: white; text-align: justify;\">\n<\/div>\n<div style=\"background-color: white; text-align: justify;\">\nNo dia 14 de novembro, segundo dia da a\u00e7\u00e3o, &nbsp;em frente a loja Coletivo da Pra\u00e7a do Ros\u00e1rio, a a\u00e7\u00e3o contou com a participa\u00e7\u00e3o da Multit\u00e9cnica Engenharia que apresentou algumas oportunidades de moradia popular atrav\u00e9s do programa Minha Casa Minha Vida. Com as a\u00e7\u00f5es do Novembro Azul, a empresa realizou o &nbsp;atendimento de mais de 600 pessoas, entre o p\u00fablico interno e externo, contribuindo com o bem estar da popula\u00e7\u00e3o caruaruense.<\/div>\n<div style=\"background-color: white; text-align: justify;\">\n<\/div>\n","protected":false},"excerpt":{"rendered":"<p>Durante os meses de outubro e novembro, a empresa de \u00f4nibus Coletivos realizou diversas a\u00e7\u00f5es para alertar sobre a preven\u00e7\u00e3o&hellip;<\/p>\n","protected":false},"author":1,"featured_media":0,"comment_status":"open","ping_status":"open","sticky":false,"template":"","format":"standard","meta":{"footnotes":""},"categories":[1],"tags":[2,608,6],"class_list":["post-671","post","type-post","status-publish","format-standard","hentry","category-sem-categoria","tag-blog-do-edvaldo-magalhaes","tag-empresa-coletivo-faz-balanco-de-atendimentos-do-outubro-rosa-e-novembro-azul","tag-noticias"],"_links":{"self":[{"href":"https:\/\/blogdoedvaldomagalhaes.com.br\/index.php\/wp-json\/wp\/v2\/posts\/671","targetHints":{"allow":["GET"]}}],"collection":[{"href":"https:\/\/blogdoedvaldomagalhaes.com.br\/index.php\/wp-json\/wp\/v2\/posts"}],"about":[{"href":"https:\/\/blogdoedvaldomagalhaes.com.br\/index.php\/wp-json\/wp\/v2\/types\/post"}],"author":[{"embeddable":true,"href":"https:\/\/blogdoedvaldomagalhaes.com.br\/index.php\/wp-json\/wp\/v2\/users\/1"}],"replies":[{"embeddable":true,"href":"https:\/\/blogdoedvaldomagalhaes.com.br\/index.php\/wp-json\/wp\/v2\/comments?post=671"}],"version-history":[{"count":1,"href":"https:\/\/blogdoedvaldomagalhaes.com.br\/index.php\/wp-json\/wp\/v2\/posts\/671\/revisions"}],"predecessor-version":[{"id":35998,"href":"https:\/\/blogdoedvaldomagalhaes.com.br\/index.php\/wp-json\/wp\/v2\/posts\/671\/revisions\/35998"}],"wp:attachment":[{"href":"https:\/\/blogdoedvaldomagalhaes.com.br\/index.php\/wp-json\/wp\/v2\/media?parent=671"}],"wp:term":[{"taxonomy":"category","embeddable":true,"href":"https:\/\/blogdoedvaldomagalhaes.com.br\/index.php\/wp-json\/wp\/v2\/categories?post=671"},{"taxonomy":"post_tag","embeddable":true,"href":"https:\/\/blogdoedvaldomagalhaes.com.br\/index.php\/wp-json\/wp\/v2\/tags?post=671"}],"curies":[{"name":"wp","href":"https:\/\/api.w.org\/{rel}","templated":true}]}}