{"id":67098,"date":"2021-02-20T11:18:44","date_gmt":"2021-02-20T14:18:44","guid":{"rendered":"https:\/\/blogdoedvaldomagalhaes.com.br\/?p=67098"},"modified":"2021-02-20T11:18:46","modified_gmt":"2021-02-20T14:18:46","slug":"caminhao-com-restricao-judicial-ha-sete-anos-e-apreendido-na-br-101-no-recife","status":"publish","type":"post","link":"https:\/\/blogdoedvaldomagalhaes.com.br\/index.php\/2021\/02\/20\/caminhao-com-restricao-judicial-ha-sete-anos-e-apreendido-na-br-101-no-recife\/","title":{"rendered":"Caminh\u00e3o com restri\u00e7\u00e3o judicial h\u00e1 sete anos \u00e9 apreendido na BR 101 no Recife"},"content":{"rendered":"<p style=\"text-align: justify;\"><span style=\"font-size: inherit;\">Um caminh\u00e3o que portava placas clonadas e possu\u00eda restri\u00e7\u00e3o judicial desde 2013 foi apreendido pela Pol\u00edcia Rodovi\u00e1ria Federal (PRF) na sexta-feira (19), na BR 101, no Curado, na Zona Oeste do Recife. O ve\u00edculo pertencia a uma empresa de grande porte, que possui filiais em outros estados.<\/span><\/p>\n<p style=\"text-align: justify;\">Policiais do Comando de Opera\u00e7\u00f5es Especiais da PRF realizavam uma fiscaliza\u00e7\u00e3o no Km 69 da rodovia, quando abordaram um caminh\u00e3o ocupado por tr\u00eas homens. Em um procedimento de identifica\u00e7\u00e3o, foi descoberto que o ve\u00edculo n\u00e3o poderia estar em circula\u00e7\u00e3o e havia se evadido de um acidente.<\/p>\n<p style=\"text-align: justify;\">O motorista e dois ajudantes foram encaminhados para prestar esclarecimentos na Central de Plant\u00f5es da Capital, em Campo Grande, na Zona Norte da capital.<\/p>\n","protected":false},"excerpt":{"rendered":"<p>Um caminh\u00e3o que portava placas clonadas e possu\u00eda restri\u00e7\u00e3o judicial desde 2013 foi apreendido pela Pol\u00edcia Rodovi\u00e1ria Federal (PRF) na&hellip;<\/p>\n","protected":false},"author":1,"featured_media":67099,"comment_status":"open","ping_status":"open","sticky":false,"template":"","format":"standard","meta":{"footnotes":""},"categories":[14121],"tags":[2,19532,20893],"class_list":["post-67098","post","type-post","status-publish","format-standard","has-post-thumbnail","hentry","category-policial","tag-blog-do-edvaldo-magalhaes","tag-blog-mais-acessado-e-visualizado-de-caruaru-e-regiao","tag-caminhao-com-restricao-judicial-ha-sete-anos-e-apreendido-na-br-101-no-recife"],"_links":{"self":[{"href":"https:\/\/blogdoedvaldomagalhaes.com.br\/index.php\/wp-json\/wp\/v2\/posts\/67098","targetHints":{"allow":["GET"]}}],"collection":[{"href":"https:\/\/blogdoedvaldomagalhaes.com.br\/index.php\/wp-json\/wp\/v2\/posts"}],"about":[{"href":"https:\/\/blogdoedvaldomagalhaes.com.br\/index.php\/wp-json\/wp\/v2\/types\/post"}],"author":[{"embeddable":true,"href":"https:\/\/blogdoedvaldomagalhaes.com.br\/index.php\/wp-json\/wp\/v2\/users\/1"}],"replies":[{"embeddable":true,"href":"https:\/\/blogdoedvaldomagalhaes.com.br\/index.php\/wp-json\/wp\/v2\/comments?post=67098"}],"version-history":[{"count":1,"href":"https:\/\/blogdoedvaldomagalhaes.com.br\/index.php\/wp-json\/wp\/v2\/posts\/67098\/revisions"}],"predecessor-version":[{"id":67100,"href":"https:\/\/blogdoedvaldomagalhaes.com.br\/index.php\/wp-json\/wp\/v2\/posts\/67098\/revisions\/67100"}],"wp:featuredmedia":[{"embeddable":true,"href":"https:\/\/blogdoedvaldomagalhaes.com.br\/index.php\/wp-json\/wp\/v2\/media\/67099"}],"wp:attachment":[{"href":"https:\/\/blogdoedvaldomagalhaes.com.br\/index.php\/wp-json\/wp\/v2\/media?parent=67098"}],"wp:term":[{"taxonomy":"category","embeddable":true,"href":"https:\/\/blogdoedvaldomagalhaes.com.br\/index.php\/wp-json\/wp\/v2\/categories?post=67098"},{"taxonomy":"post_tag","embeddable":true,"href":"https:\/\/blogdoedvaldomagalhaes.com.br\/index.php\/wp-json\/wp\/v2\/tags?post=67098"}],"curies":[{"name":"wp","href":"https:\/\/api.w.org\/{rel}","templated":true}]}}