{"id":670,"date":"2018-11-19T15:33:00","date_gmt":"2018-11-19T17:33:00","guid":{"rendered":"http:\/\/blogdoedvaldomagalhaes.com.br\/index.php\/2018\/11\/19\/duas-chapas-disputam-nesta-segunda\/"},"modified":"2019-02-09T02:42:10","modified_gmt":"2019-02-09T04:42:10","slug":"duas-chapas-disputam-nesta-segunda","status":"publish","type":"post","link":"https:\/\/blogdoedvaldomagalhaes.com.br\/index.php\/2018\/11\/19\/duas-chapas-disputam-nesta-segunda\/","title":{"rendered":"Duas chapas disputam nesta segunda-feira elei\u00e7\u00e3o para presidente da OAB Caruaru"},"content":{"rendered":"<h2 itemprop=\"headline\" style=\"background-color: white; box-sizing: border-box; line-height: 1.1; margin: 20px 0px 15px;\">\n<div class=\"separator\" style=\"clear: both; text-align: center;\">\n<a href=\"https:\/\/3.bp.blogspot.com\/-3wI-2ahg0a8\/W_LXkulbg4I\/AAAAAAAA99M\/aOh7P9_XLmMz5DWn5fNKOm5w5iHKQOzDwCLcBGAs\/s1600\/oab.jpg\" imageanchor=\"1\" style=\"margin-left: 1em; margin-right: 1em;\"><img loading=\"lazy\" decoding=\"async\" border=\"0\" data-original-height=\"250\" data-original-width=\"500\" height=\"320\" src=\"http:\/\/blogdoedvaldomagalhaes.com.br\/wp-content\/uploads\/2018\/11\/oab.jpg\" width=\"640\" \/><\/a><\/div>\n<div style=\"box-sizing: border-box; font-weight: 400; line-height: 24px; margin-bottom: 10px; text-align: justify;\">\n<\/div>\n<div style=\"box-sizing: border-box; font-weight: 400; line-height: 24px; margin-bottom: 10px; text-align: justify;\">\nCome\u00e7ou \u00e0s 9h e terminou \u00e0s 17h desta segunda-feira (19), em Caruaru, a vota\u00e7\u00e3o para presidente da Ordem dos Advogados do Brasil (OAB) para o tri\u00eanio 2019-2021. Quatro urnas foram instaladas na sede da Apcef para os advogados da Subse\u00e7\u00e3o de Caruaru. Ao todo 1.130 advogados votaram, a apura\u00e7\u00e3o acontece agora.<\/div>\n<div style=\"box-sizing: border-box; font-weight: 400; line-height: 24px; margin-bottom: 10px; text-align: justify;\">\n<\/div>\n<div class=\"separator\" style=\"clear: both; text-align: center;\">\n<a href=\"https:\/\/1.bp.blogspot.com\/-l7AmjDRgDxo\/W_LXw-FDtMI\/AAAAAAAA99Q\/wqZQtkMR9kcOm75Rj98ZVHbx1Mr7LZIKACLcBGAs\/s1600\/oab%2B1.jpg\" imageanchor=\"1\" style=\"margin-left: 1em; margin-right: 1em;\"><img loading=\"lazy\" decoding=\"async\" border=\"0\" data-original-height=\"375\" data-original-width=\"500\" height=\"480\" src=\"http:\/\/blogdoedvaldomagalhaes.com.br\/wp-content\/uploads\/2018\/11\/oab1.jpg\" width=\"640\" \/><\/a><\/div>\n<div style=\"box-sizing: border-box; font-weight: 400; line-height: 24px; margin-bottom: 10px; text-align: justify;\">\n<\/div>\n<div style=\"box-sizing: border-box; font-weight: 400; line-height: 24px; margin-bottom: 10px; text-align: justify;\">\nDuas chapas concorrem em Caruaru.&nbsp;A chapa de situa\u00e7\u00e3o \u201cPra seguir avan\u00e7ando\u201d tem como candidato Fernando J\u00fanior, atual vice-presidente da entidade, e a chapa de oposi\u00e7\u00e3o \u201cA OAB \u00e9 dos Advogados\u201d traz como candidato a presidente Artur Ramos.<\/p>\n<p><\/p>\n<div class=\"separator\" style=\"clear: both; text-align: center;\">\n<a href=\"https:\/\/3.bp.blogspot.com\/-0xYUNdMOiP4\/W_LYIF9E8vI\/AAAAAAAA99c\/Y94E9M0jJrAWyOeBP962G3Igj4oHGSzaQCLcBGAs\/s1600\/IMG-20181119-WA0095.jpg\" imageanchor=\"1\" style=\"margin-left: 1em; margin-right: 1em;\"><img loading=\"lazy\" decoding=\"async\" border=\"0\" data-original-height=\"1280\" data-original-width=\"853\" height=\"640\" src=\"http:\/\/blogdoedvaldomagalhaes.com.br\/wp-content\/uploads\/2018\/11\/IMG-20181119-WA0095.jpg\" width=\"426\" \/><\/a><\/div>\n<div class=\"separator\" style=\"clear: both; text-align: center;\">\nFernando J\u00fanior<\/div>\n<div class=\"separator\" style=\"clear: both; text-align: center;\">\n<a href=\"https:\/\/2.bp.blogspot.com\/-K75EEq3bdHo\/W_LYMTAnY1I\/AAAAAAAA99g\/GE1TCBF8RdAzWH5r1z1ZhWFIZmm-UE49ACLcBGAs\/s1600\/IMG-20181119-WA0065.jpg\" imageanchor=\"1\" style=\"margin-left: 1em; margin-right: 1em;\"><img loading=\"lazy\" decoding=\"async\" border=\"0\" data-original-height=\"768\" data-original-width=\"1024\" height=\"480\" src=\"http:\/\/blogdoedvaldomagalhaes.com.br\/wp-content\/uploads\/2018\/11\/IMG-20181119-WA0065.jpg\" width=\"640\" \/><\/a><\/div>\n<div class=\"separator\" style=\"clear: both; text-align: center;\">\nArtur Ramos<\/div>\n<p><\/div>\n<\/h2>\n","protected":false},"excerpt":{"rendered":"<p>Come\u00e7ou \u00e0s 9h e terminou \u00e0s 17h desta segunda-feira (19), em Caruaru, a vota\u00e7\u00e3o para presidente da Ordem dos Advogados&hellip;<\/p>\n","protected":false},"author":1,"featured_media":0,"comment_status":"open","ping_status":"open","sticky":false,"template":"","format":"standard","meta":{"footnotes":""},"categories":[1],"tags":[2,607,6],"class_list":["post-670","post","type-post","status-publish","format-standard","hentry","category-sem-categoria","tag-blog-do-edvaldo-magalhaes","tag-duas-chapas-disputam-nesta-segunda-feira-eleicao-para-presidente-da-oab-caruaru","tag-noticias"],"_links":{"self":[{"href":"https:\/\/blogdoedvaldomagalhaes.com.br\/index.php\/wp-json\/wp\/v2\/posts\/670","targetHints":{"allow":["GET"]}}],"collection":[{"href":"https:\/\/blogdoedvaldomagalhaes.com.br\/index.php\/wp-json\/wp\/v2\/posts"}],"about":[{"href":"https:\/\/blogdoedvaldomagalhaes.com.br\/index.php\/wp-json\/wp\/v2\/types\/post"}],"author":[{"embeddable":true,"href":"https:\/\/blogdoedvaldomagalhaes.com.br\/index.php\/wp-json\/wp\/v2\/users\/1"}],"replies":[{"embeddable":true,"href":"https:\/\/blogdoedvaldomagalhaes.com.br\/index.php\/wp-json\/wp\/v2\/comments?post=670"}],"version-history":[{"count":1,"href":"https:\/\/blogdoedvaldomagalhaes.com.br\/index.php\/wp-json\/wp\/v2\/posts\/670\/revisions"}],"predecessor-version":[{"id":36003,"href":"https:\/\/blogdoedvaldomagalhaes.com.br\/index.php\/wp-json\/wp\/v2\/posts\/670\/revisions\/36003"}],"wp:attachment":[{"href":"https:\/\/blogdoedvaldomagalhaes.com.br\/index.php\/wp-json\/wp\/v2\/media?parent=670"}],"wp:term":[{"taxonomy":"category","embeddable":true,"href":"https:\/\/blogdoedvaldomagalhaes.com.br\/index.php\/wp-json\/wp\/v2\/categories?post=670"},{"taxonomy":"post_tag","embeddable":true,"href":"https:\/\/blogdoedvaldomagalhaes.com.br\/index.php\/wp-json\/wp\/v2\/tags?post=670"}],"curies":[{"name":"wp","href":"https:\/\/api.w.org\/{rel}","templated":true}]}}