{"id":67,"date":"2019-02-01T18:44:00","date_gmt":"2019-02-01T20:44:00","guid":{"rendered":"http:\/\/blogdoedvaldomagalhaes.com.br\/index.php\/2019\/02\/01\/miriam-lacerda-pede-exoneracao-ao\/"},"modified":"2019-02-10T10:28:49","modified_gmt":"2019-02-10T13:28:49","slug":"miriam-lacerda-pede-exoneracao-ao","status":"publish","type":"post","link":"https:\/\/blogdoedvaldomagalhaes.com.br\/index.php\/2019\/02\/01\/miriam-lacerda-pede-exoneracao-ao\/","title":{"rendered":"Miriam Lacerda pede exonera\u00e7\u00e3o ao governador e vai trabalhar em Bras\u00edlia"},"content":{"rendered":"<div class=\"separator\" style=\"clear: both; text-align: center;\">\n<a href=\"https:\/\/4.bp.blogspot.com\/-b_M77BQeydk\/XFSTJK4X_eI\/AAAAAAABB44\/JH2z5spsEy8oXNvVEXdFIaEnatTESaF3wCLcBGAs\/s1600\/images%2B%25281%2529.jpeg\" imageanchor=\"1\" style=\"margin-left: 1em; margin-right: 1em;\"><img loading=\"lazy\" decoding=\"async\" border=\"0\" data-original-height=\"384\" data-original-width=\"384\" height=\"640\" src=\"http:\/\/blogdoedvaldomagalhaes.com.br\/wp-content\/uploads\/2019\/02\/images28129-1.jpeg\" width=\"640\"><\/a><\/div>\n<div style=\"text-align: justify;\">\nA ex-deputada estadual, Miriam Lacerda (MDB), que exercia o cargo de Gerente de Articula\u00e7\u00e3o da Assessoria Especial do Governador Paulo C\u00e2mara (PSB), pediu exonera\u00e7\u00e3o, e vai trabalhar no gabinete do Senador Jarbas Vasconcelos (MDB), em Bras\u00edlia.<\/div>\n<div style=\"text-align: justify;\"><\/div>\n<div style=\"text-align: justify;\">\nMiriam Lacerda, relatou ao Blog, que recebeu o convite do Senador h\u00e1 um m\u00eas. estudou a proposta, conversou com o governador e pediu a exonera\u00e7\u00e3o, que foi publicada no Di\u00e1rio Oficial, desta sexta-feira (01).<\/div>\n<div style=\"text-align: justify;\"><\/div>\n","protected":false},"excerpt":{"rendered":"<p>A ex-deputada estadual, Miriam Lacerda (MDB), que exercia o cargo de Gerente de Articula\u00e7\u00e3o da Assessoria Especial do Governador Paulo&hellip;<\/p>\n","protected":false},"author":1,"featured_media":0,"comment_status":"open","ping_status":"open","sticky":false,"template":"","format":"standard","meta":{"footnotes":""},"categories":[14122],"tags":[2,74,20],"class_list":["post-67","post","type-post","status-publish","format-standard","hentry","category-politica","tag-blog-do-edvaldo-magalhaes","tag-miriam-lacerda-pede-exoneracao-ao-governador-e-vai-trabalhar-em-brasilia","tag-politica"],"_links":{"self":[{"href":"https:\/\/blogdoedvaldomagalhaes.com.br\/index.php\/wp-json\/wp\/v2\/posts\/67","targetHints":{"allow":["GET"]}}],"collection":[{"href":"https:\/\/blogdoedvaldomagalhaes.com.br\/index.php\/wp-json\/wp\/v2\/posts"}],"about":[{"href":"https:\/\/blogdoedvaldomagalhaes.com.br\/index.php\/wp-json\/wp\/v2\/types\/post"}],"author":[{"embeddable":true,"href":"https:\/\/blogdoedvaldomagalhaes.com.br\/index.php\/wp-json\/wp\/v2\/users\/1"}],"replies":[{"embeddable":true,"href":"https:\/\/blogdoedvaldomagalhaes.com.br\/index.php\/wp-json\/wp\/v2\/comments?post=67"}],"version-history":[{"count":2,"href":"https:\/\/blogdoedvaldomagalhaes.com.br\/index.php\/wp-json\/wp\/v2\/posts\/67\/revisions"}],"predecessor-version":[{"id":38226,"href":"https:\/\/blogdoedvaldomagalhaes.com.br\/index.php\/wp-json\/wp\/v2\/posts\/67\/revisions\/38226"}],"wp:attachment":[{"href":"https:\/\/blogdoedvaldomagalhaes.com.br\/index.php\/wp-json\/wp\/v2\/media?parent=67"}],"wp:term":[{"taxonomy":"category","embeddable":true,"href":"https:\/\/blogdoedvaldomagalhaes.com.br\/index.php\/wp-json\/wp\/v2\/categories?post=67"},{"taxonomy":"post_tag","embeddable":true,"href":"https:\/\/blogdoedvaldomagalhaes.com.br\/index.php\/wp-json\/wp\/v2\/tags?post=67"}],"curies":[{"name":"wp","href":"https:\/\/api.w.org\/{rel}","templated":true}]}}