{"id":6697,"date":"2017-02-21T20:00:00","date_gmt":"2017-02-21T23:00:00","guid":{"rendered":"http:\/\/blogdoedvaldomagalhaes.com.br\/index.php\/2017\/02\/21\/bloco-que-merda-e-essa-envia-nota-sobre\/"},"modified":"2019-02-09T01:18:07","modified_gmt":"2019-02-09T03:18:07","slug":"bloco-que-merda-e-essa-envia-nota-sobre","status":"publish","type":"post","link":"https:\/\/blogdoedvaldomagalhaes.com.br\/index.php\/2017\/02\/21\/bloco-que-merda-e-essa-envia-nota-sobre\/","title":{"rendered":"Bloco &#8220;Que Merda \u00e9 Essa ?&#8221; envia nota sobre homic\u00eddio ap\u00f3s desfile"},"content":{"rendered":"<div style=\"background-color: white; margin-bottom: 6px;\">\n<\/div>\n<div class=\"separator\" style=\"clear: both; text-align: center;\">\n<\/div>\n<div class=\"separator\" style=\"clear: both; text-align: center;\">\n<\/div>\n<p><\/p>\n<div class=\"separator\" style=\"clear: both; text-align: center;\">\n<a href=\"https:\/\/1.bp.blogspot.com\/-xwIkjEieVkQ\/WKycZg-nUvI\/AAAAAAAAQO8\/dgD9t9rNUV0yYHIe61voj0VyMxmFuDZDwCLcB\/s1600\/merda.jpg\" imageanchor=\"1\" style=\"margin-left: 1em; margin-right: 1em;\"><img loading=\"lazy\" decoding=\"async\" border=\"0\" height=\"400\" src=\"http:\/\/blogdoedvaldomagalhaes.com.br\/wp-content\/uploads\/2017\/02\/merda.jpg\" width=\"351\" \/><\/a><\/div>\n<div class=\"separator\" style=\"clear: both; text-align: center;\">\nFoto ilustrativa<\/div>\n<div style=\"text-align: justify;\">\n<\/div>\n<div style=\"text-align: justify;\">\nNo \u00faltimo domingo (21), houve o desfile do Bloco &#8220;Que Merda \u00e9 Essa?&#8221;, no bairro Centen\u00e1rio, ocorrendo um homic\u00eddio \u00e1 noite. As organizadoras do bloco Maria Jos\u00e9, L\u00facia e Neide, divulgam a seguinte nota:<\/div>\n<div style=\"text-align: justify;\">\n<\/div>\n<div style=\"text-align: justify;\">\n<b>Nota oficial<\/b><\/div>\n<p><\/p>\n<div class=\"text_exposed_show\" style=\"background-color: white; display: inline;\">\n<\/p>\n<div style=\"margin-bottom: 6px;\">\n<\/div>\n<div style=\"text-align: justify;\">\n&#8220;Desde j\u00e1 venho a todos aos foli\u00f5es que nos prestigiaram a agradecer pelo nosso evento e agradecer a todos os amigos e colaboradores que veio nos prestigiar. E tamb\u00e9m dizer a todos que o acontecido ( ap\u00f3s o evento ) n\u00e3o foi de responsabilidade nossa, pois o nosso evento conta com a estrutura adequada para a seguran\u00e7a de todos.<\/div>\n<div style=\"text-align: justify;\">\n<\/div>\n<div style=\"text-align: justify;\">\nSabemos que n\u00f3s proporcionamos um evento pra comunidade e que estamos dentro de todas as normas ditas e cogitadas pelo 4\u00ba BPM, Destra, Bloco C, Corpo de Bombeiros, Vigil\u00e2ncia Sanit\u00e1ria, &nbsp;entre outros.<\/div>\n<div style=\"text-align: justify;\">\n<\/div>\n<div style=\"text-align: justify;\">\nQuero que saibam que o evento estava marcado com in\u00edcio \u00e0s 14h e o t\u00e9rmino \u00e0s 18h, ent\u00e3o qualquer equ\u00edvoco que veio a acontecer ap\u00f3s, n\u00f3s n\u00e3o temos responsabilidade. Pe\u00e7o a todos que n\u00e3o fiquem denigrindo o evento, que n\u00e3o \u00e9 meu, \u00e9 de todos, e que n\u00f3s que fazemos o bloco (Que Merda \u00e9 Essa?) estamos sentidos, mas temos nada a ver. E o que foi falado na imprensa n\u00e3o conv\u00e9m ao evento.<\/div>\n<div style=\"text-align: justify;\">\n<\/div>\n<div style=\"text-align: justify;\">\nDesde j\u00e1 mais uma vez, agrade\u00e7o primeiramente a Deus, e segundo a todos os colaboradores, amigos e foli\u00f5es, e ano que vem tem muito frevo e festa para todos que vieram na paz.<\/div>\n<p><\/p>\n<div style=\"margin-bottom: 6px; margin-top: 6px; text-align: justify;\">\nPresidente do Bloco:Maria Jos\u00e9..&#8221;<\/p>\n<div class=\"separator\" style=\"clear: both; text-align: center;\">\n<a href=\"http:\/\/blogdoedvaldomagalhaes.com.br\/wp-content\/uploads\/2017\/02\/6-STR-15.jpg\" imageanchor=\"1\" style=\"clear: left; float: left; margin-bottom: 1em; margin-right: 1em;\"><img decoding=\"async\" border=\"0\" src=\"http:\/\/blogdoedvaldomagalhaes.com.br\/wp-content\/uploads\/2017\/02\/6-STR-15.jpg\" \/><\/a><\/div>\n<p><\/div>\n<\/div>\n","protected":false},"excerpt":{"rendered":"<p>Foto ilustrativa No \u00faltimo domingo (21), houve o desfile do Bloco &#8220;Que Merda \u00e9 Essa?&#8221;, no bairro Centen\u00e1rio, ocorrendo um&hellip;<\/p>\n","protected":false},"author":1,"featured_media":0,"comment_status":"open","ping_status":"open","sticky":false,"template":"","format":"standard","meta":{"footnotes":""},"categories":[1],"tags":[2866,9114,992,6,9115],"class_list":["post-6697","post","type-post","status-publish","format-standard","hentry","category-sem-categoria","tag-bairro-centenario","tag-bloco-que-merda-e-essa-envia-nota-sobre-homicidio-apos-desfile","tag-blog-do-edvaldo-do-magalhaes","tag-noticias","tag-rua-da-se"],"_links":{"self":[{"href":"https:\/\/blogdoedvaldomagalhaes.com.br\/index.php\/wp-json\/wp\/v2\/posts\/6697","targetHints":{"allow":["GET"]}}],"collection":[{"href":"https:\/\/blogdoedvaldomagalhaes.com.br\/index.php\/wp-json\/wp\/v2\/posts"}],"about":[{"href":"https:\/\/blogdoedvaldomagalhaes.com.br\/index.php\/wp-json\/wp\/v2\/types\/post"}],"author":[{"embeddable":true,"href":"https:\/\/blogdoedvaldomagalhaes.com.br\/index.php\/wp-json\/wp\/v2\/users\/1"}],"replies":[{"embeddable":true,"href":"https:\/\/blogdoedvaldomagalhaes.com.br\/index.php\/wp-json\/wp\/v2\/comments?post=6697"}],"version-history":[{"count":1,"href":"https:\/\/blogdoedvaldomagalhaes.com.br\/index.php\/wp-json\/wp\/v2\/posts\/6697\/revisions"}],"predecessor-version":[{"id":17154,"href":"https:\/\/blogdoedvaldomagalhaes.com.br\/index.php\/wp-json\/wp\/v2\/posts\/6697\/revisions\/17154"}],"wp:attachment":[{"href":"https:\/\/blogdoedvaldomagalhaes.com.br\/index.php\/wp-json\/wp\/v2\/media?parent=6697"}],"wp:term":[{"taxonomy":"category","embeddable":true,"href":"https:\/\/blogdoedvaldomagalhaes.com.br\/index.php\/wp-json\/wp\/v2\/categories?post=6697"},{"taxonomy":"post_tag","embeddable":true,"href":"https:\/\/blogdoedvaldomagalhaes.com.br\/index.php\/wp-json\/wp\/v2\/tags?post=6697"}],"curies":[{"name":"wp","href":"https:\/\/api.w.org\/{rel}","templated":true}]}}