{"id":6696,"date":"2017-02-21T20:08:00","date_gmt":"2017-02-21T23:08:00","guid":{"rendered":"http:\/\/blogdoedvaldomagalhaes.com.br\/index.php\/2017\/02\/21\/policiais-trocam-tiros-com-bandidos-na\/"},"modified":"2019-02-09T01:18:07","modified_gmt":"2019-02-09T03:18:07","slug":"policiais-trocam-tiros-com-bandidos-na","status":"publish","type":"post","link":"https:\/\/blogdoedvaldomagalhaes.com.br\/index.php\/2017\/02\/21\/policiais-trocam-tiros-com-bandidos-na\/","title":{"rendered":"Policiais trocam tiros com bandidos na PE-145 e acabam poss\u00edvel plano de assalto a banco em Brejo da Madre de Deus"},"content":{"rendered":"<div class=\"separator\" style=\"clear: both; text-align: center;\">\n<a href=\"https:\/\/1.bp.blogspot.com\/-k1Z9VQe65jA\/WKyc-7BYOlI\/AAAAAAAAQPE\/3ow05t9_nS8SnEyFMor8bPB1ukH7NQ6KACLcB\/s1600\/carro.jpg\" imageanchor=\"1\" style=\"margin-left: 1em; margin-right: 1em;\"><img loading=\"lazy\" decoding=\"async\" border=\"0\" height=\"225\" src=\"http:\/\/blogdoedvaldomagalhaes.com.br\/wp-content\/uploads\/2017\/02\/carro-1.jpg\" width=\"400\" \/><\/a><\/div>\n<div class=\"MsoNormal\" style=\"background-attachment: initial; background-clip: initial; background-color: white; background-image: initial; background-origin: initial; background-position: initial; background-repeat: initial; background-size: initial; box-sizing: border-box; line-height: normal; margin: 0px 0px 0cm; max-width: 100%; padding: 0px; text-align: justify;\">\n<\/div>\n<div class=\"MsoNormal\" style=\"background-attachment: initial; background-clip: initial; background-color: white; background-image: initial; background-origin: initial; background-position: initial; background-repeat: initial; background-size: initial; box-sizing: border-box; line-height: normal; margin: 0px 0px 0cm; max-width: 100%; padding: 0px; text-align: justify;\">\nNa manh\u00e3 desta ter\u00e7a-feira (21), dois policiais militares retornavam para a cidade de Brejo da Madre de Deus, pela PE-145 quando nas proximidades do s\u00edtio Salobro, avistaram dois ve\u00edculos parados no acostamento, um Siena e um Captiva. Repentinamente um meliante saiu de dentro do mato e entrou em um dos ve\u00edculos, neste momento o policial que estava dirigindo a viatura reduziu a velocidade e estacionou.<\/p>\n<\/div>\n<div class=\"MsoNormal\" style=\"background-attachment: initial; background-clip: initial; background-color: white; background-image: initial; background-origin: initial; background-position: initial; background-repeat: initial; background-size: initial; box-sizing: border-box; line-height: normal; margin: 0px 0px 0cm; max-width: 100%; padding: 0px; text-align: justify;\">\n<\/div>\n<div class=\"MsoNormal\" style=\"background-attachment: initial; background-clip: initial; background-color: white; background-image: initial; background-origin: initial; background-position: initial; background-repeat: initial; background-size: initial; box-sizing: border-box; line-height: normal; margin: 0px 0px 0cm; max-width: 100%; padding: 0px; text-align: justify;\">\nQuando os policiais estavam prontos para fazer a abordagem, o ve\u00edculo Siena saiu em alta velocidade e do ve\u00edculo Captiva sa\u00edram tr\u00eas elementos j\u00e1 atirando contra a guarni\u00e7\u00e3o.<\/div>\n<div class=\"MsoNormal\" style=\"background-attachment: initial; background-clip: initial; background-color: white; background-image: initial; background-origin: initial; background-position: initial; background-repeat: initial; background-size: initial; box-sizing: border-box; line-height: normal; margin: 0px 0px 0cm; max-width: 100%; padding: 0px; text-align: justify;\">\n<\/p>\n<div class=\"MsoNormal\" style=\"background-attachment: initial; background-clip: initial; background-image: initial; background-origin: initial; background-position: initial; background-repeat: initial; background-size: initial; box-sizing: border-box; line-height: normal; margin: 0px 0px 0cm; max-width: 100%; padding: 0px; text-align: justify;\">\nOuve uma intensa troca de tiros. Os policiais se abrigaram dentro do mato e sa\u00edram ilesos. J\u00e1 os elementos abandonaram a Captiva e conseguiram fugir, mas ao que tudo indica algum deles pode ter se ferido, j\u00e1 que na rodovia ficaram marcas de sangue.<\/p>\n<\/div>\n<p><\/p>\n<div class=\"MsoNormal\" style=\"background-attachment: initial; background-clip: initial; background-image: initial; background-origin: initial; background-position: initial; background-repeat: initial; background-size: initial; box-sizing: border-box; line-height: normal; margin: 0px 0px 0cm; max-width: 100%; padding: 0px; text-align: justify;\">\n<\/div>\n<p><\/p>\n<div class=\"MsoNormal\" style=\"background-attachment: initial; background-clip: initial; background-image: initial; background-origin: initial; background-position: initial; background-repeat: initial; background-size: initial; box-sizing: border-box; line-height: normal; margin: 0px 0px 0cm; max-width: 100%; padding: 0px; text-align: start;\">\n<div style=\"text-align: justify;\">\nA pol\u00edcia interditou a pista e solicitou refor\u00e7o. V\u00e1rios policiais est\u00e3o fazendo rondas pela regi\u00e3o na tentativa de capturar a quadrilha, que ao que tudo indica, estava pronta para assaltar um dos bancos em Brejo da Madre de Deus, pois no ve\u00edculo Captiva Sport ano 2011\/2012 de cor cinza foram encontrados: uma espingarda calibre 12, uma espingarda calibre 44 e mais doze muni\u00e7\u00f5es calibre 44, trinta muni\u00e7\u00f5es calibre ponto 40 e sete muni\u00e7\u00f5es calibre 12, um colete a prova de balas, uma caixa com grampos e dois gal\u00f5es com gasolina.<\/div>\n<p><\/p>\n<div style=\"text-align: justify;\">\nFonte: Blog Esta\u00e7\u00e3o Not\u00edcias&nbsp;<\/p>\n<p><\/div>\n<p><iframe loading=\"lazy\" frameborder=\"no\" height=\"166\" scrolling=\"no\" src=\"https:\/\/w.soundcloud.com\/player\/?url=https%3A\/\/api.soundcloud.com\/tracks\/308911417&amp;color=ff5500&amp;auto_play=false&amp;hide_related=false&amp;show_comments=true&amp;show_user=true&amp;show_reposts=false\" width=\"100%\"><\/iframe><\/p>\n<p><a href=\"http:\/\/blogdoedvaldomagalhaes.com.br\/wp-content\/uploads\/2017\/02\/7-SINTRACON-12.jpg\" imageanchor=\"1\" style=\"clear: left; margin-bottom: 1em; margin-right: 1em; text-align: center;\"><img decoding=\"async\" border=\"0\" src=\"http:\/\/blogdoedvaldomagalhaes.com.br\/wp-content\/uploads\/2017\/02\/7-SINTRACON-12.jpg\" \/><\/a><\/div>\n<\/div>\n","protected":false},"excerpt":{"rendered":"<p>Na manh\u00e3 desta ter\u00e7a-feira (21), dois policiais militares retornavam para a cidade de Brejo da Madre de Deus, pela PE-145&hellip;<\/p>\n","protected":false},"author":1,"featured_media":0,"comment_status":"open","ping_status":"open","sticky":false,"template":"","format":"standard","meta":{"footnotes":""},"categories":[1],"tags":[992,9111,9112,13,9113],"class_list":["post-6696","post","type-post","status-publish","format-standard","hentry","category-sem-categoria","tag-blog-do-edvaldo-do-magalhaes","tag-captiva","tag-policiais-trocam-tiros-com-bandidos-na-pe-145-e-acabam-possivel-plano-de-assalto-a-banco-em-brejo-da-madre-de-deus","tag-policial","tag-siena"],"_links":{"self":[{"href":"https:\/\/blogdoedvaldomagalhaes.com.br\/index.php\/wp-json\/wp\/v2\/posts\/6696","targetHints":{"allow":["GET"]}}],"collection":[{"href":"https:\/\/blogdoedvaldomagalhaes.com.br\/index.php\/wp-json\/wp\/v2\/posts"}],"about":[{"href":"https:\/\/blogdoedvaldomagalhaes.com.br\/index.php\/wp-json\/wp\/v2\/types\/post"}],"author":[{"embeddable":true,"href":"https:\/\/blogdoedvaldomagalhaes.com.br\/index.php\/wp-json\/wp\/v2\/users\/1"}],"replies":[{"embeddable":true,"href":"https:\/\/blogdoedvaldomagalhaes.com.br\/index.php\/wp-json\/wp\/v2\/comments?post=6696"}],"version-history":[{"count":1,"href":"https:\/\/blogdoedvaldomagalhaes.com.br\/index.php\/wp-json\/wp\/v2\/posts\/6696\/revisions"}],"predecessor-version":[{"id":17157,"href":"https:\/\/blogdoedvaldomagalhaes.com.br\/index.php\/wp-json\/wp\/v2\/posts\/6696\/revisions\/17157"}],"wp:attachment":[{"href":"https:\/\/blogdoedvaldomagalhaes.com.br\/index.php\/wp-json\/wp\/v2\/media?parent=6696"}],"wp:term":[{"taxonomy":"category","embeddable":true,"href":"https:\/\/blogdoedvaldomagalhaes.com.br\/index.php\/wp-json\/wp\/v2\/categories?post=6696"},{"taxonomy":"post_tag","embeddable":true,"href":"https:\/\/blogdoedvaldomagalhaes.com.br\/index.php\/wp-json\/wp\/v2\/tags?post=6696"}],"curies":[{"name":"wp","href":"https:\/\/api.w.org\/{rel}","templated":true}]}}