{"id":6695,"date":"2017-02-22T09:23:00","date_gmt":"2017-02-22T12:23:00","guid":{"rendered":"http:\/\/blogdoedvaldomagalhaes.com.br\/index.php\/2017\/02\/22\/raquel-lyra-representa-prefeitos-de\/"},"modified":"2019-02-09T01:18:07","modified_gmt":"2019-02-09T03:18:07","slug":"raquel-lyra-representa-prefeitos-de","status":"publish","type":"post","link":"https:\/\/blogdoedvaldomagalhaes.com.br\/index.php\/2017\/02\/22\/raquel-lyra-representa-prefeitos-de\/","title":{"rendered":"Raquel Lyra representa prefeitos de todo o Brasil em evento contra explora\u00e7\u00e3o infantil"},"content":{"rendered":"<div style=\"background-color: white; border: 0px; margin-bottom: 1.5em; outline: 0px; padding: 0px; vertical-align: baseline;\">\n<div class=\"separator\" style=\"clear: both; text-align: center;\">\n<a href=\"https:\/\/4.bp.blogspot.com\/-vFVKCGX_aSU\/WK1YZiOCbCI\/AAAAAAAAQQM\/A6GqONB2LSYhrJPtPHhKFm63XK_ffVmogCLcB\/s1600\/raquel.jpg\" imageanchor=\"1\" style=\"margin-left: 1em; margin-right: 1em;\"><img loading=\"lazy\" decoding=\"async\" border=\"0\" height=\"221\" src=\"http:\/\/blogdoedvaldomagalhaes.com.br\/wp-content\/uploads\/2017\/02\/raquel-2.jpg\" width=\"400\" \/><\/a><\/div>\n<div style=\"text-align: justify;\">\n<\/div>\n<div style=\"text-align: justify;\">\nA prefeita de Caruaru, Raquel Lyra (PSDB), participou, nessa ter\u00e7a-feira (21), na cidade do Rio de Janeiro, do lan\u00e7amento da Campanha do Carnaval 2017 \u201cRespeitar, Proteger e Garantir: todos pelos direitos de crian\u00e7as e adolescentes\u201d. A prefeita, que representou a Frente Nacional de Prefeitos e o munic\u00edpio de Caruaru, falou sobre a import\u00e2ncia da iniciativa. O encontro ocorreu no audit\u00f3rio do Museu do Amanh\u00e3.<\/div>\n<\/div>\n<div style=\"background-color: white; border: 0px; margin-bottom: 1.5em; outline: 0px; padding: 0px; vertical-align: baseline;\">\n<div style=\"text-align: justify;\">\nA prefeita de Caruaru falou de sua experi\u00eancia como secret\u00e1ria da Crian\u00e7a e da Juventude de Pernambuco em criar um programa pioneiro na preven\u00e7\u00e3o da explora\u00e7\u00e3o de crian\u00e7as e adolescentes no \u00e2mbito estadual.<\/div>\n<\/div>\n<div style=\"background-color: white; border: 0px; margin-bottom: 1.5em; outline: 0px; padding: 0px; vertical-align: baseline;\">\n<div style=\"text-align: justify;\">\nTamb\u00e9m estavam presentes ao evento o prefeito do Rio de Janeiro, Marcelo Crivella e a secret\u00e1ria nacional de Promo\u00e7\u00e3o dos Direitos de Crian\u00e7as e Adolescentes, Cl\u00e1udia Vidigal.<\/p>\n<div class=\"separator\" style=\"clear: both; text-align: center;\">\n<a href=\"http:\/\/blogdoedvaldomagalhaes.com.br\/wp-content\/uploads\/2017\/02\/9-Liberdade-15.jpg\" imageanchor=\"1\" style=\"clear: left; float: left; margin-bottom: 1em; margin-right: 1em;\"><img decoding=\"async\" border=\"0\" src=\"http:\/\/blogdoedvaldomagalhaes.com.br\/wp-content\/uploads\/2017\/02\/9-Liberdade-15.jpg\" \/><\/a><\/div>\n<p><\/div>\n<\/div>\n","protected":false},"excerpt":{"rendered":"<p>A prefeita de Caruaru, Raquel Lyra (PSDB), participou, nessa ter\u00e7a-feira (21), na cidade do Rio de Janeiro, do lan\u00e7amento da&hellip;<\/p>\n","protected":false},"author":1,"featured_media":0,"comment_status":"open","ping_status":"open","sticky":false,"template":"","format":"standard","meta":{"footnotes":""},"categories":[1],"tags":[992,9108,9109,20,9110],"class_list":["post-6695","post","type-post","status-publish","format-standard","hentry","category-sem-categoria","tag-blog-do-edvaldo-do-magalhaes","tag-claudia-vidigal","tag-marcelo-crivella","tag-politica","tag-raquel-lyra-representa-prefeitos-de-todo-o-brasil-em-evento-contra-exploracao-infantil"],"_links":{"self":[{"href":"https:\/\/blogdoedvaldomagalhaes.com.br\/index.php\/wp-json\/wp\/v2\/posts\/6695","targetHints":{"allow":["GET"]}}],"collection":[{"href":"https:\/\/blogdoedvaldomagalhaes.com.br\/index.php\/wp-json\/wp\/v2\/posts"}],"about":[{"href":"https:\/\/blogdoedvaldomagalhaes.com.br\/index.php\/wp-json\/wp\/v2\/types\/post"}],"author":[{"embeddable":true,"href":"https:\/\/blogdoedvaldomagalhaes.com.br\/index.php\/wp-json\/wp\/v2\/users\/1"}],"replies":[{"embeddable":true,"href":"https:\/\/blogdoedvaldomagalhaes.com.br\/index.php\/wp-json\/wp\/v2\/comments?post=6695"}],"version-history":[{"count":1,"href":"https:\/\/blogdoedvaldomagalhaes.com.br\/index.php\/wp-json\/wp\/v2\/posts\/6695\/revisions"}],"predecessor-version":[{"id":17160,"href":"https:\/\/blogdoedvaldomagalhaes.com.br\/index.php\/wp-json\/wp\/v2\/posts\/6695\/revisions\/17160"}],"wp:attachment":[{"href":"https:\/\/blogdoedvaldomagalhaes.com.br\/index.php\/wp-json\/wp\/v2\/media?parent=6695"}],"wp:term":[{"taxonomy":"category","embeddable":true,"href":"https:\/\/blogdoedvaldomagalhaes.com.br\/index.php\/wp-json\/wp\/v2\/categories?post=6695"},{"taxonomy":"post_tag","embeddable":true,"href":"https:\/\/blogdoedvaldomagalhaes.com.br\/index.php\/wp-json\/wp\/v2\/tags?post=6695"}],"curies":[{"name":"wp","href":"https:\/\/api.w.org\/{rel}","templated":true}]}}