{"id":669,"date":"2018-11-19T15:39:00","date_gmt":"2018-11-19T17:39:00","guid":{"rendered":"http:\/\/blogdoedvaldomagalhaes.com.br\/index.php\/2018\/11\/19\/confira-os-numeros-da-operacao\/"},"modified":"2019-02-09T02:42:10","modified_gmt":"2019-02-09T04:42:10","slug":"confira-os-numeros-da-operacao","status":"publish","type":"post","link":"https:\/\/blogdoedvaldomagalhaes.com.br\/index.php\/2018\/11\/19\/confira-os-numeros-da-operacao\/","title":{"rendered":"Confira os n\u00fameros da Opera\u00e7\u00e3o Proclama\u00e7\u00e3o da Rep\u00fablica 2018 da PRF"},"content":{"rendered":"<div class=\"separator\" style=\"clear: both; text-align: center;\">\n<a href=\"https:\/\/3.bp.blogspot.com\/--Jsd5qkTiYg\/W_LZD5lUA7I\/AAAAAAAA99w\/GGVw-NrfD-IFPFrgzp6ttWZR4RtTqeO6ACLcBGAs\/s1600\/prf.jpeg\" imageanchor=\"1\" style=\"margin-left: 1em; margin-right: 1em;\"><img loading=\"lazy\" decoding=\"async\" border=\"0\" data-original-height=\"331\" data-original-width=\"500\" height=\"422\" src=\"http:\/\/blogdoedvaldomagalhaes.com.br\/wp-content\/uploads\/2018\/11\/prf-1.jpeg\" width=\"640\" \/><\/a><\/div>\n<div class=\"separator\" style=\"clear: both; text-align: center;\">\nFoto: PRF\/Divulga\u00e7\u00e3o<\/div>\n<div style=\"background-color: white; box-sizing: border-box; line-height: 24px; margin-bottom: 10px; text-align: justify;\">\n<\/div>\n<div style=\"background-color: white; box-sizing: border-box; line-height: 24px; margin-bottom: 10px; text-align: justify;\">\nA Pol\u00edcia Rodovi\u00e1ria Federal (PRF) divulgou na manh\u00e3 desta segunda-feira (19) o balan\u00e7o da Opera\u00e7\u00e3o Proclama\u00e7\u00e3o da Rep\u00fablica 2018, nas rodovias federais de Pernambuco. Da quarta-feira (14) at\u00e9 este domingo (18) foram registrados 61 acidentes, com 59 feridos e cinco mortes.<\/div>\n<div style=\"background-color: white; box-sizing: border-box; line-height: 24px; margin-bottom: 10px; text-align: justify;\">\nNa \u00e1rea da 2\u00aa Delegacia da PRF, em Caruaru, foram registrados tr\u00eas acidentes, com duas pessoas feridas, quase 200 testes de etil\u00f4metros e seis pessoas autuadas, al\u00e9m de 12 notifica\u00e7\u00f5es de ultrapassagem em local proibido.<\/div>\n<div style=\"background-color: white; box-sizing: border-box; line-height: 24px; margin-bottom: 10px; text-align: justify;\">\nO acidente mais grave ocorreu na noite de quinta-feira (15), na BR-101, no Cabo de Santo Agostinho. O motorista de um carro de passeio colidiu em um animal, perdeu o controle do ve\u00edculo e invadiu a pista contr\u00e1ria, colidindo de frente com um caminh\u00e3o que fazia o transporte de abacaxis. Havia 4 pessoas no ve\u00edculo de passeio, tr\u00eas conseguiram sair com ferimentos leves, por\u00e9m o passageiro da frente ficou preso nas ferragens e morreu carbonizado, ap\u00f3s um inc\u00eandio no ve\u00edculo. O motorista do caminh\u00e3o saiu ileso e prestou aux\u00edlio as v\u00edtimas.<\/div>\n<div style=\"background-color: white; box-sizing: border-box; line-height: 24px; margin-bottom: 10px; text-align: justify;\">\nEm cinco dias de opera\u00e7\u00e3o foram fiscalizadas 2.848 pessoas e 2.419 ve\u00edculos, sendo emitidas 1.053 autua\u00e7\u00f5es por diversas irregularidades. Destacam-se 77 autua\u00e7\u00f5es pelo n\u00e3o uso do cinto de seguran\u00e7a, 118 por ultrapassagens em local proibido, 16 pela falta do capacete e oito pela aus\u00eancia da cadeirinha para crian\u00e7as. Al\u00e9m disso, foram registradas 569 imagens de ve\u00edculos com excesso de velocidade.<\/div>\n<div style=\"background-color: white; box-sizing: border-box; line-height: 24px; margin-bottom: 10px; text-align: justify;\">\nNo combate \u00e0 alcoolemia foram realizados 1.091 testes com o baf\u00f4metro, que resultaram em 36 autua\u00e7\u00f5es e uma pris\u00e3o de motorista sob efeito de \u00e1lcool.<\/div>\n<div style=\"background-color: white; box-sizing: border-box; line-height: 24px; margin-bottom: 10px; text-align: justify;\">\n<\/div>\n","protected":false},"excerpt":{"rendered":"<p>Foto: PRF\/Divulga\u00e7\u00e3o A Pol\u00edcia Rodovi\u00e1ria Federal (PRF) divulgou na manh\u00e3 desta segunda-feira (19) o balan\u00e7o da Opera\u00e7\u00e3o Proclama\u00e7\u00e3o da Rep\u00fablica&hellip;<\/p>\n","protected":false},"author":1,"featured_media":0,"comment_status":"open","ping_status":"open","sticky":false,"template":"","format":"standard","meta":{"footnotes":""},"categories":[1],"tags":[2,606,13],"class_list":["post-669","post","type-post","status-publish","format-standard","hentry","category-sem-categoria","tag-blog-do-edvaldo-magalhaes","tag-confira-os-numeros-da-operacao-proclamacao-da-republica-2018-da-prf","tag-policial"],"_links":{"self":[{"href":"https:\/\/blogdoedvaldomagalhaes.com.br\/index.php\/wp-json\/wp\/v2\/posts\/669","targetHints":{"allow":["GET"]}}],"collection":[{"href":"https:\/\/blogdoedvaldomagalhaes.com.br\/index.php\/wp-json\/wp\/v2\/posts"}],"about":[{"href":"https:\/\/blogdoedvaldomagalhaes.com.br\/index.php\/wp-json\/wp\/v2\/types\/post"}],"author":[{"embeddable":true,"href":"https:\/\/blogdoedvaldomagalhaes.com.br\/index.php\/wp-json\/wp\/v2\/users\/1"}],"replies":[{"embeddable":true,"href":"https:\/\/blogdoedvaldomagalhaes.com.br\/index.php\/wp-json\/wp\/v2\/comments?post=669"}],"version-history":[{"count":1,"href":"https:\/\/blogdoedvaldomagalhaes.com.br\/index.php\/wp-json\/wp\/v2\/posts\/669\/revisions"}],"predecessor-version":[{"id":36005,"href":"https:\/\/blogdoedvaldomagalhaes.com.br\/index.php\/wp-json\/wp\/v2\/posts\/669\/revisions\/36005"}],"wp:attachment":[{"href":"https:\/\/blogdoedvaldomagalhaes.com.br\/index.php\/wp-json\/wp\/v2\/media?parent=669"}],"wp:term":[{"taxonomy":"category","embeddable":true,"href":"https:\/\/blogdoedvaldomagalhaes.com.br\/index.php\/wp-json\/wp\/v2\/categories?post=669"},{"taxonomy":"post_tag","embeddable":true,"href":"https:\/\/blogdoedvaldomagalhaes.com.br\/index.php\/wp-json\/wp\/v2\/tags?post=669"}],"curies":[{"name":"wp","href":"https:\/\/api.w.org\/{rel}","templated":true}]}}