{"id":66830,"date":"2021-02-07T18:56:06","date_gmt":"2021-02-07T21:56:06","guid":{"rendered":"https:\/\/blogdoedvaldomagalhaes.com.br\/?p=66830"},"modified":"2021-02-07T18:56:08","modified_gmt":"2021-02-07T21:56:08","slug":"jovem-e-assassinado-a-tiros-na-zona-rural-de-caruaru-neste-domingo-7","status":"publish","type":"post","link":"https:\/\/blogdoedvaldomagalhaes.com.br\/index.php\/2021\/02\/07\/jovem-e-assassinado-a-tiros-na-zona-rural-de-caruaru-neste-domingo-7\/","title":{"rendered":"Jovem \u00e9 assassinado a tiros na zona rural de Caruaru neste domingo (7)"},"content":{"rendered":"<p style=\"text-align: justify;\">O jovem Rivaldo Vicente dos Santos, de 22 anos de idade, foi assassinado a tiros mas proximidades da BR 104, na tarde deste domingo (07), na Vila Cana\u00e3, zona rural de Caruaru.<\/p>\n<p style=\"text-align: justify;\">\u00a0A autoria e a motiva\u00e7\u00e3o do crime, s\u00e3o desconhecidas, at\u00e9 o momento. O caso ser\u00e1 investigado pela Delegacia de Toritama.<\/p>\n","protected":false},"excerpt":{"rendered":"<p>O jovem Rivaldo Vicente dos Santos, de 22 anos de idade, foi assassinado a tiros mas proximidades da BR 104,&hellip;<\/p>\n","protected":false},"author":1,"featured_media":66831,"comment_status":"open","ping_status":"open","sticky":false,"template":"","format":"standard","meta":{"footnotes":""},"categories":[14121],"tags":[2,19532,20823,1479],"class_list":["post-66830","post","type-post","status-publish","format-standard","has-post-thumbnail","hentry","category-policial","tag-blog-do-edvaldo-magalhaes","tag-blog-mais-acessado-e-visualizado-de-caruaru-e-regiao","tag-jovem-e-assassinado-a-tiros-na-zona-rural-de-caruaru-neste-domingo-7","tag-noticias-policiais"],"_links":{"self":[{"href":"https:\/\/blogdoedvaldomagalhaes.com.br\/index.php\/wp-json\/wp\/v2\/posts\/66830","targetHints":{"allow":["GET"]}}],"collection":[{"href":"https:\/\/blogdoedvaldomagalhaes.com.br\/index.php\/wp-json\/wp\/v2\/posts"}],"about":[{"href":"https:\/\/blogdoedvaldomagalhaes.com.br\/index.php\/wp-json\/wp\/v2\/types\/post"}],"author":[{"embeddable":true,"href":"https:\/\/blogdoedvaldomagalhaes.com.br\/index.php\/wp-json\/wp\/v2\/users\/1"}],"replies":[{"embeddable":true,"href":"https:\/\/blogdoedvaldomagalhaes.com.br\/index.php\/wp-json\/wp\/v2\/comments?post=66830"}],"version-history":[{"count":1,"href":"https:\/\/blogdoedvaldomagalhaes.com.br\/index.php\/wp-json\/wp\/v2\/posts\/66830\/revisions"}],"predecessor-version":[{"id":66832,"href":"https:\/\/blogdoedvaldomagalhaes.com.br\/index.php\/wp-json\/wp\/v2\/posts\/66830\/revisions\/66832"}],"wp:featuredmedia":[{"embeddable":true,"href":"https:\/\/blogdoedvaldomagalhaes.com.br\/index.php\/wp-json\/wp\/v2\/media\/66831"}],"wp:attachment":[{"href":"https:\/\/blogdoedvaldomagalhaes.com.br\/index.php\/wp-json\/wp\/v2\/media?parent=66830"}],"wp:term":[{"taxonomy":"category","embeddable":true,"href":"https:\/\/blogdoedvaldomagalhaes.com.br\/index.php\/wp-json\/wp\/v2\/categories?post=66830"},{"taxonomy":"post_tag","embeddable":true,"href":"https:\/\/blogdoedvaldomagalhaes.com.br\/index.php\/wp-json\/wp\/v2\/tags?post=66830"}],"curies":[{"name":"wp","href":"https:\/\/api.w.org\/{rel}","templated":true}]}}