{"id":668,"date":"2018-11-19T18:28:00","date_gmt":"2018-11-19T20:28:00","guid":{"rendered":"http:\/\/blogdoedvaldomagalhaes.com.br\/index.php\/2018\/11\/19\/tres-criancas-trancadas-em-casa-e\/"},"modified":"2019-02-09T02:42:11","modified_gmt":"2019-02-09T04:42:11","slug":"tres-criancas-trancadas-em-casa-e","status":"publish","type":"post","link":"https:\/\/blogdoedvaldomagalhaes.com.br\/index.php\/2018\/11\/19\/tres-criancas-trancadas-em-casa-e\/","title":{"rendered":"Tr\u00eas crian\u00e7as trancadas em casa em situa\u00e7\u00e3o de abandono s\u00e3o resgatas, segundo a pol\u00edcia"},"content":{"rendered":"<div class=\"separator\" style=\"clear: both; text-align: center;\">\n<a href=\"https:\/\/3.bp.blogspot.com\/-hhDM4kEA6Xk\/W_L_sLZyUGI\/AAAAAAAA998\/S8rl6k1eQgwL-HOl-jIWnafGnNHpWBJswCLcBGAs\/s1600\/1.jpg\" imageanchor=\"1\" style=\"margin-left: 1em; margin-right: 1em;\"><img loading=\"lazy\" decoding=\"async\" border=\"0\" data-original-height=\"960\" data-original-width=\"540\" height=\"640\" src=\"http:\/\/blogdoedvaldomagalhaes.com.br\/wp-content\/uploads\/2018\/11\/1-11.jpg\" width=\"360\" \/><\/a>r<\/div>\n<div class=\"separator\" style=\"clear: both; text-align: center;\">\nFotos: Pol\u00edcia Civil\/Divulga\u00e7\u00e3o<\/div>\n<div style=\"text-align: justify;\">\n<\/div>\n<div style=\"text-align: justify;\">\nAp\u00f3s den\u00fancias feita pela popula\u00e7\u00e3o a equipe da 90DP resgatou tr\u00eas crian\u00e7as que estavam trancadas em uma casa em situa\u00e7\u00e3o de abandono. As crian\u00e7as aparentam estar subnutridas e mal cuidadas.<\/div>\n<div style=\"text-align: justify;\">\n<\/div>\n<div class=\"separator\" style=\"clear: both; text-align: center;\">\n<a href=\"https:\/\/2.bp.blogspot.com\/-Qi8t8E7WIOU\/W_L_wKhQFSI\/AAAAAAAA9-A\/a3j2Ht-HcLsKDIqPHKeFtUMgVindJEaNgCLcBGAs\/s1600\/2.jpg\" imageanchor=\"1\" style=\"margin-left: 1em; margin-right: 1em;\"><img loading=\"lazy\" decoding=\"async\" border=\"0\" data-original-height=\"384\" data-original-width=\"512\" height=\"480\" src=\"http:\/\/blogdoedvaldomagalhaes.com.br\/wp-content\/uploads\/2018\/11\/2-11.jpg\" width=\"640\" \/><\/a><\/div>\n<div style=\"text-align: justify;\">\n<\/div>\n<div style=\"text-align: justify;\">\nA popula\u00e7\u00e3o ouviu os gritos de socorro de uma das crian\u00e7as que diziam estarem presas, com fome e sede. Como n\u00e3o conseguiram chegar at\u00e9 as crian\u00e7as, devido as grades e cadeados, contactaram o Disk Den\u00fancia. Ato, cont\u00ednuo a equipe desta delegacia compareceu ao local efetuando o arrombamento das portas e resgatando as crian\u00e7as.<\/div>\n<div style=\"text-align: justify;\">\n<\/div>\n<div class=\"separator\" style=\"clear: both; text-align: center;\">\n<a href=\"https:\/\/4.bp.blogspot.com\/-AF-oxUAuHeI\/W_L_1D5bMxI\/AAAAAAAA9-E\/5wjFdNUInkAvybBllZcrFesCoBb2ETtMwCLcBGAs\/s1600\/3.jpg\" imageanchor=\"1\" style=\"margin-left: 1em; margin-right: 1em;\"><img loading=\"lazy\" decoding=\"async\" border=\"0\" data-original-height=\"384\" data-original-width=\"512\" height=\"480\" src=\"http:\/\/blogdoedvaldomagalhaes.com.br\/wp-content\/uploads\/2018\/11\/3-7.jpg\" width=\"640\" \/><\/a><\/div>\n<div style=\"text-align: justify;\">\n<\/div>\n<div style=\"text-align: justify;\">\nOcorr\u00eancia em andamento acompanhada pelo Conselho Tutelar.&nbsp;As crian\u00e7as de idades (01, 06, 12) e os vizinhos est\u00e3o sendo conduzidos at\u00e9 a 90DP.<\/div>\n<div style=\"text-align: justify;\">\n<\/div>\n<div class=\"separator\" style=\"clear: both; text-align: center;\">\n<a href=\"https:\/\/2.bp.blogspot.com\/-iEuwoYrOQ6Y\/W_L_9j57aAI\/AAAAAAAA9-M\/e57vTcUpXCIhpiNiNKRRanffHICBpr6QQCLcBGAs\/s1600\/4.jpg\" imageanchor=\"1\" style=\"margin-left: 1em; margin-right: 1em;\"><img loading=\"lazy\" decoding=\"async\" border=\"0\" data-original-height=\"384\" data-original-width=\"512\" height=\"480\" src=\"http:\/\/blogdoedvaldomagalhaes.com.br\/wp-content\/uploads\/2018\/11\/4-4.jpg\" width=\"640\" \/><\/a><\/div>\n<div style=\"text-align: justify;\">\n<\/div>\n<div style=\"text-align: justify;\">\nInforma\u00e7\u00f5es do delegado Thiago Henrique e equipe da 90\u00aa DP.<\/div>\n<div style=\"text-align: justify;\">\n<\/div>\n","protected":false},"excerpt":{"rendered":"<p>r Fotos: Pol\u00edcia Civil\/Divulga\u00e7\u00e3o Ap\u00f3s den\u00fancias feita pela popula\u00e7\u00e3o a equipe da 90DP resgatou tr\u00eas crian\u00e7as que estavam trancadas em&hellip;<\/p>\n","protected":false},"author":1,"featured_media":0,"comment_status":"open","ping_status":"open","sticky":false,"template":"","format":"standard","meta":{"footnotes":""},"categories":[1],"tags":[2,13,604,605],"class_list":["post-668","post","type-post","status-publish","format-standard","hentry","category-sem-categoria","tag-blog-do-edvaldo-magalhaes","tag-policial","tag-segundo-a-policia","tag-tres-criancas-trancadas-em-casa-em-situacao-de-abandono-sao-resgatas"],"_links":{"self":[{"href":"https:\/\/blogdoedvaldomagalhaes.com.br\/index.php\/wp-json\/wp\/v2\/posts\/668","targetHints":{"allow":["GET"]}}],"collection":[{"href":"https:\/\/blogdoedvaldomagalhaes.com.br\/index.php\/wp-json\/wp\/v2\/posts"}],"about":[{"href":"https:\/\/blogdoedvaldomagalhaes.com.br\/index.php\/wp-json\/wp\/v2\/types\/post"}],"author":[{"embeddable":true,"href":"https:\/\/blogdoedvaldomagalhaes.com.br\/index.php\/wp-json\/wp\/v2\/users\/1"}],"replies":[{"embeddable":true,"href":"https:\/\/blogdoedvaldomagalhaes.com.br\/index.php\/wp-json\/wp\/v2\/comments?post=668"}],"version-history":[{"count":1,"href":"https:\/\/blogdoedvaldomagalhaes.com.br\/index.php\/wp-json\/wp\/v2\/posts\/668\/revisions"}],"predecessor-version":[{"id":36010,"href":"https:\/\/blogdoedvaldomagalhaes.com.br\/index.php\/wp-json\/wp\/v2\/posts\/668\/revisions\/36010"}],"wp:attachment":[{"href":"https:\/\/blogdoedvaldomagalhaes.com.br\/index.php\/wp-json\/wp\/v2\/media?parent=668"}],"wp:term":[{"taxonomy":"category","embeddable":true,"href":"https:\/\/blogdoedvaldomagalhaes.com.br\/index.php\/wp-json\/wp\/v2\/categories?post=668"},{"taxonomy":"post_tag","embeddable":true,"href":"https:\/\/blogdoedvaldomagalhaes.com.br\/index.php\/wp-json\/wp\/v2\/tags?post=668"}],"curies":[{"name":"wp","href":"https:\/\/api.w.org\/{rel}","templated":true}]}}