{"id":667,"date":"2018-11-19T18:40:00","date_gmt":"2018-11-19T20:40:00","guid":{"rendered":"http:\/\/blogdoedvaldomagalhaes.com.br\/index.php\/2018\/11\/19\/cameras-registram-acao-de-grupo-que\/"},"modified":"2019-02-09T02:42:12","modified_gmt":"2019-02-09T04:42:12","slug":"cameras-registram-acao-de-grupo-que","status":"publish","type":"post","link":"https:\/\/blogdoedvaldomagalhaes.com.br\/index.php\/2018\/11\/19\/cameras-registram-acao-de-grupo-que\/","title":{"rendered":"C\u00e2meras registram a\u00e7\u00e3o de grupo que assaltou banco em Caruaru; Confira as imagens"},"content":{"rendered":"<div class=\"separator\" style=\"clear: both; text-align: center;\">\n<a href=\"https:\/\/3.bp.blogspot.com\/-6E62K4LJi9Q\/W_MDjCQYPEI\/AAAAAAAA9-o\/WcptdLMtlg8oSyTndgjdeIWnWDS1hyxMACLcBGAs\/s1600\/t%25C3%25A1.jpg\" imageanchor=\"1\" style=\"margin-left: 1em; margin-right: 1em;\"><img loading=\"lazy\" decoding=\"async\" border=\"0\" data-original-height=\"692\" data-original-width=\"1570\" height=\"282\" src=\"http:\/\/blogdoedvaldomagalhaes.com.br\/wp-content\/uploads\/2018\/11\/tC3A1.jpg\" width=\"640\" \/><\/a><\/div>\n<div class=\"separator\" style=\"clear: both; text-align: center;\">\n<\/div>\n<div style=\"text-align: justify;\">\nA ag\u00eancia do Santander, na rua Mestre Pedro, centro de Caruaru, foi assaltada na tarde da \u00faltima sexta-feira (16), no momento em que um Carro-Forte foi buscar malotes na referida ag\u00eancia. Assaltantes fortemente armados chegaram em tr\u00eas ve\u00edculos, sendo uma Frontier de cor branca, um HB20 de cor preta e Siena, fecharam a passagens nas ruas do Norte e Coronel Limeira, mandaram as pessoas que estavam nas proximidades se deitar no ch\u00e3o, pegaram uma pessoa que estava bebendo na cal\u00e7ada do banco e levaram para dentro da ag\u00eancia, onde pegaram malotes com dinheiro e depois entraram nos ve\u00edculos, jogaram grampos e fugiram. Ningu\u00e9m se feriu.&nbsp;<\/div>\n<div style=\"text-align: justify;\">\n<\/div>\n<div style=\"text-align: justify;\">\nC\u00e2meras de monitoramento de lojas pr\u00f3ximas ao banco, registraram a a\u00e7\u00e3o do grupo. Confira abaixo:<\/div>\n<div style=\"text-align: justify;\">\n<div class=\"separator\" style=\"clear: both; text-align: center;\">\n<\/div>\n<div class=\"separator\" style=\"clear: both; text-align: center;\">\n<\/div>\n<div class=\"separator\" style=\"clear: both; text-align: center;\">\n<\/div>\n<p><\/div>\n","protected":false},"excerpt":{"rendered":"<p>A ag\u00eancia do Santander, na rua Mestre Pedro, centro de Caruaru, foi assaltada na tarde da \u00faltima sexta-feira (16), no&hellip;<\/p>\n","protected":false},"author":1,"featured_media":0,"comment_status":"open","ping_status":"open","sticky":false,"template":"","format":"standard","meta":{"footnotes":""},"categories":[1],"tags":[2,603,13],"class_list":["post-667","post","type-post","status-publish","format-standard","hentry","category-sem-categoria","tag-blog-do-edvaldo-magalhaes","tag-cameras-registram-acao-de-grupo-que-assaltou-banco-em-caruaru-confira-as-imagens","tag-policial"],"_links":{"self":[{"href":"https:\/\/blogdoedvaldomagalhaes.com.br\/index.php\/wp-json\/wp\/v2\/posts\/667","targetHints":{"allow":["GET"]}}],"collection":[{"href":"https:\/\/blogdoedvaldomagalhaes.com.br\/index.php\/wp-json\/wp\/v2\/posts"}],"about":[{"href":"https:\/\/blogdoedvaldomagalhaes.com.br\/index.php\/wp-json\/wp\/v2\/types\/post"}],"author":[{"embeddable":true,"href":"https:\/\/blogdoedvaldomagalhaes.com.br\/index.php\/wp-json\/wp\/v2\/users\/1"}],"replies":[{"embeddable":true,"href":"https:\/\/blogdoedvaldomagalhaes.com.br\/index.php\/wp-json\/wp\/v2\/comments?post=667"}],"version-history":[{"count":1,"href":"https:\/\/blogdoedvaldomagalhaes.com.br\/index.php\/wp-json\/wp\/v2\/posts\/667\/revisions"}],"predecessor-version":[{"id":36012,"href":"https:\/\/blogdoedvaldomagalhaes.com.br\/index.php\/wp-json\/wp\/v2\/posts\/667\/revisions\/36012"}],"wp:attachment":[{"href":"https:\/\/blogdoedvaldomagalhaes.com.br\/index.php\/wp-json\/wp\/v2\/media?parent=667"}],"wp:term":[{"taxonomy":"category","embeddable":true,"href":"https:\/\/blogdoedvaldomagalhaes.com.br\/index.php\/wp-json\/wp\/v2\/categories?post=667"},{"taxonomy":"post_tag","embeddable":true,"href":"https:\/\/blogdoedvaldomagalhaes.com.br\/index.php\/wp-json\/wp\/v2\/tags?post=667"}],"curies":[{"name":"wp","href":"https:\/\/api.w.org\/{rel}","templated":true}]}}