{"id":66636,"date":"2021-02-03T12:12:55","date_gmt":"2021-02-03T15:12:55","guid":{"rendered":"https:\/\/blogdoedvaldomagalhaes.com.br\/?p=66636"},"modified":"2021-02-03T12:12:57","modified_gmt":"2021-02-03T15:12:57","slug":"comercio-de-caruaru-esta-liberado-para-abrir-nos-dias-de-carnaval-lojistas-podem-optar-se-abrem-ou-nao-as-empresas","status":"publish","type":"post","link":"https:\/\/blogdoedvaldomagalhaes.com.br\/index.php\/2021\/02\/03\/comercio-de-caruaru-esta-liberado-para-abrir-nos-dias-de-carnaval-lojistas-podem-optar-se-abrem-ou-nao-as-empresas\/","title":{"rendered":"Com\u00e9rcio de Caruaru est\u00e1 liberado para abrir nos dias de carnaval; Lojistas podem optar se abrem ou n\u00e3o as empresas"},"content":{"rendered":"<p style=\"text-align: justify;\">O Sindicato dos Lojistas do Com\u00e9rcio de Caruaru (Sindloja) est\u00e1 orientando as empresas para que cada uma decida se quer abrir ou n\u00e3o nos dias de carnaval, tendo em vista que n\u00e3o existe proibi\u00e7\u00e3o de funcionamento, pois o feriado de carnaval n\u00e3o \u00e9 regulamentado, trata-se de uma quest\u00e3o cultural.<\/p>\n<p style=\"text-align: justify;\">Em pesquisa realizada entre lojistas, o Sindloja constatou que 75% pretendem fechar suas lojas nos dias 15 e 16 de fevereiro e 25% pretendem abrir. J\u00e1 o levantamento realizado pela Associa\u00e7\u00e3o dos Contabilistas de Caruaru e Agreste de Pernambuco (Accape), em parceria com o Sindloja, constatou que 60% das empresas desejam fechar no carnaval e 40% desejam abrir.<\/p>\n<p style=\"text-align: justify;\">\u00c9 importante destacar que para funcionar nos dias de carnaval n\u00e3o \u00e9 necess\u00e1rio que a empresa comunique aos sindicatos nem pague ajuda de custo aos funcion\u00e1rios. Em caso de a empresa optar pelo n\u00e3o funcionamento, o lojista pode descontar a folga dos colaboradores no banco de horas.<\/p>\n<p style=\"text-align: justify;\">A Prefeitura de Caruaru publicou decreto no dia 1\u00ba de fevereiro, no Di\u00e1rio Oficial do Munic\u00edpio, adotando a medida de suspens\u00e3o do ponto facultativo no carnaval 2021. O governo de Pernambuco tamb\u00e9m j\u00e1 anunciou o cancelamento das festividades carnavalescas e o cancelamento do ponto facultativo na segunda e ter\u00e7a-feira de carnaval, nos dias 15 e 16 de fevereiro.<\/p>\n\n\n<p><\/p>\n","protected":false},"excerpt":{"rendered":"<p>O Sindicato dos Lojistas do Com\u00e9rcio de Caruaru (Sindloja) est\u00e1 orientando as empresas para que cada uma decida se quer&hellip;<\/p>\n","protected":false},"author":1,"featured_media":66637,"comment_status":"open","ping_status":"open","sticky":false,"template":"","format":"standard","meta":{"footnotes":""},"categories":[14120],"tags":[2,19418,20783,1950],"class_list":["post-66636","post","type-post","status-publish","format-standard","has-post-thumbnail","hentry","category-noticias","tag-blog-do-edvaldo-magalhaes","tag-blog-mais-acessado-de-caruaru-e-regiao","tag-comercio-de-caruaru-esta-liberado-para-abrir-nos-dias-de-carnaval-lojistas-podem-optar-se-abrem-ou-nao-as-empresas","tag-noticias-de-caruaru"],"_links":{"self":[{"href":"https:\/\/blogdoedvaldomagalhaes.com.br\/index.php\/wp-json\/wp\/v2\/posts\/66636","targetHints":{"allow":["GET"]}}],"collection":[{"href":"https:\/\/blogdoedvaldomagalhaes.com.br\/index.php\/wp-json\/wp\/v2\/posts"}],"about":[{"href":"https:\/\/blogdoedvaldomagalhaes.com.br\/index.php\/wp-json\/wp\/v2\/types\/post"}],"author":[{"embeddable":true,"href":"https:\/\/blogdoedvaldomagalhaes.com.br\/index.php\/wp-json\/wp\/v2\/users\/1"}],"replies":[{"embeddable":true,"href":"https:\/\/blogdoedvaldomagalhaes.com.br\/index.php\/wp-json\/wp\/v2\/comments?post=66636"}],"version-history":[{"count":1,"href":"https:\/\/blogdoedvaldomagalhaes.com.br\/index.php\/wp-json\/wp\/v2\/posts\/66636\/revisions"}],"predecessor-version":[{"id":66638,"href":"https:\/\/blogdoedvaldomagalhaes.com.br\/index.php\/wp-json\/wp\/v2\/posts\/66636\/revisions\/66638"}],"wp:featuredmedia":[{"embeddable":true,"href":"https:\/\/blogdoedvaldomagalhaes.com.br\/index.php\/wp-json\/wp\/v2\/media\/66637"}],"wp:attachment":[{"href":"https:\/\/blogdoedvaldomagalhaes.com.br\/index.php\/wp-json\/wp\/v2\/media?parent=66636"}],"wp:term":[{"taxonomy":"category","embeddable":true,"href":"https:\/\/blogdoedvaldomagalhaes.com.br\/index.php\/wp-json\/wp\/v2\/categories?post=66636"},{"taxonomy":"post_tag","embeddable":true,"href":"https:\/\/blogdoedvaldomagalhaes.com.br\/index.php\/wp-json\/wp\/v2\/tags?post=66636"}],"curies":[{"name":"wp","href":"https:\/\/api.w.org\/{rel}","templated":true}]}}