{"id":66619,"date":"2021-02-03T00:32:21","date_gmt":"2021-02-03T03:32:21","guid":{"rendered":"https:\/\/blogdoedvaldomagalhaes.com.br\/?p=66619"},"modified":"2021-02-03T00:32:22","modified_gmt":"2021-02-03T03:32:22","slug":"segundo-homicidio-em-caruaru-nessa-terca-feira-2-e-suspeito-e-detido","status":"publish","type":"post","link":"https:\/\/blogdoedvaldomagalhaes.com.br\/index.php\/2021\/02\/03\/segundo-homicidio-em-caruaru-nessa-terca-feira-2-e-suspeito-e-detido\/","title":{"rendered":"Segundo homic\u00eddio em Caruaru nessa ter\u00e7a-feira (2) e suspeito \u00e9 detido"},"content":{"rendered":"<p style=\"text-align: justify;\">Noite de ter\u00e7a-feira (02), sangrenta em Caruaru. Segundo homic\u00eddio da noite foi registrado no bairro Caiuc\u00e1. De acordo informa\u00e7\u00f5es, Jovanilson Jos\u00e9 da Silva, estava bebendo uma cerveja em frente a pr\u00f3pria resid\u00eancia, quando chegou um indiv\u00edduo e efetuou disparos de arma de fogo.<\/p>\n<p style=\"text-align: justify;\">A v\u00edtima ainda foi socorrida por familiares, mas n\u00e3o resistiu aos ferimentos e faleceu dentro do carro na avenida Le\u00e3o Dourado. Um suspeito com uma arma de fogo, foi detido pela equipe da Rocan do 1\u00b0 BIEsp.<\/p>\n<p style=\"text-align: justify;\">Esse foi o 3\u00b0 homic\u00eddio no m\u00eas de fevereiro, e o 11\u00b0 no ano de 2021, em Caruaru.<\/p>\n","protected":false},"excerpt":{"rendered":"<p>Noite de ter\u00e7a-feira (02), sangrenta em Caruaru. Segundo homic\u00eddio da noite foi registrado no bairro Caiuc\u00e1. De acordo informa\u00e7\u00f5es, Jovanilson&hellip;<\/p>\n","protected":false},"author":1,"featured_media":66620,"comment_status":"open","ping_status":"open","sticky":false,"template":"","format":"standard","meta":{"footnotes":""},"categories":[14121],"tags":[2,19532,5448,1950,20779],"class_list":["post-66619","post","type-post","status-publish","format-standard","has-post-thumbnail","hentry","category-policial","tag-blog-do-edvaldo-magalhaes","tag-blog-mais-acessado-e-visualizado-de-caruaru-e-regiao","tag-homicidio","tag-noticias-de-caruaru","tag-segundo-homicidio-em-caruaru-nessa-terca-feira-2-e-suspeito-e-detido"],"_links":{"self":[{"href":"https:\/\/blogdoedvaldomagalhaes.com.br\/index.php\/wp-json\/wp\/v2\/posts\/66619","targetHints":{"allow":["GET"]}}],"collection":[{"href":"https:\/\/blogdoedvaldomagalhaes.com.br\/index.php\/wp-json\/wp\/v2\/posts"}],"about":[{"href":"https:\/\/blogdoedvaldomagalhaes.com.br\/index.php\/wp-json\/wp\/v2\/types\/post"}],"author":[{"embeddable":true,"href":"https:\/\/blogdoedvaldomagalhaes.com.br\/index.php\/wp-json\/wp\/v2\/users\/1"}],"replies":[{"embeddable":true,"href":"https:\/\/blogdoedvaldomagalhaes.com.br\/index.php\/wp-json\/wp\/v2\/comments?post=66619"}],"version-history":[{"count":1,"href":"https:\/\/blogdoedvaldomagalhaes.com.br\/index.php\/wp-json\/wp\/v2\/posts\/66619\/revisions"}],"predecessor-version":[{"id":66621,"href":"https:\/\/blogdoedvaldomagalhaes.com.br\/index.php\/wp-json\/wp\/v2\/posts\/66619\/revisions\/66621"}],"wp:featuredmedia":[{"embeddable":true,"href":"https:\/\/blogdoedvaldomagalhaes.com.br\/index.php\/wp-json\/wp\/v2\/media\/66620"}],"wp:attachment":[{"href":"https:\/\/blogdoedvaldomagalhaes.com.br\/index.php\/wp-json\/wp\/v2\/media?parent=66619"}],"wp:term":[{"taxonomy":"category","embeddable":true,"href":"https:\/\/blogdoedvaldomagalhaes.com.br\/index.php\/wp-json\/wp\/v2\/categories?post=66619"},{"taxonomy":"post_tag","embeddable":true,"href":"https:\/\/blogdoedvaldomagalhaes.com.br\/index.php\/wp-json\/wp\/v2\/tags?post=66619"}],"curies":[{"name":"wp","href":"https:\/\/api.w.org\/{rel}","templated":true}]}}