{"id":6661,"date":"2017-02-24T21:37:00","date_gmt":"2017-02-25T00:37:00","guid":{"rendered":"http:\/\/blogdoedvaldomagalhaes.com.br\/index.php\/2017\/02\/24\/saiba-tudo-sobre-operacao-carnaval-nas\/"},"modified":"2019-02-09T01:18:30","modified_gmt":"2019-02-09T03:18:30","slug":"saiba-tudo-sobre-operacao-carnaval-nas","status":"publish","type":"post","link":"https:\/\/blogdoedvaldomagalhaes.com.br\/index.php\/2017\/02\/24\/saiba-tudo-sobre-operacao-carnaval-nas\/","title":{"rendered":"Saiba tudo sobre a Opera\u00e7\u00e3o Carnaval nas Estradas de Pernambuco"},"content":{"rendered":"<div class=\"separator\" style=\"clear: both; text-align: center;\">\n<a href=\"https:\/\/1.bp.blogspot.com\/-elFaw0nZK6s\/WLCnivya7qI\/AAAAAAAAQhQ\/4KNL_NZO9aUSdPcMvs5WDdOIwuSeQ-3EQCLcB\/s1600\/transito.jpg\" imageanchor=\"1\" style=\"margin-left: 1em; margin-right: 1em;\"><img loading=\"lazy\" decoding=\"async\" border=\"0\" height=\"296\" src=\"http:\/\/blogdoedvaldomagalhaes.com.br\/wp-content\/uploads\/2017\/02\/transito.jpg\" width=\"400\" \/><\/a><\/div>\n<div class=\"MsoNormal\" style=\"background-color: white; text-align: center;\">\n<\/div>\n<div class=\"MsoNormal\" style=\"background-color: white; text-align: center;\">\n<b><i><\/i><\/b><\/div>\n<div class=\"MsoNormal\" style=\"background-color: white; line-height: 16.9pt; text-align: justify;\">\n<b>OPERA\u00c7\u00c3O&nbsp;CARNAVAL&nbsp;<\/b>\u2013 O Departamento de Estradas de Rodagem (DER), \u00f3rg\u00e3o vinculado \u00e0 Secretaria de Estadual de Transportes, intensificou as a\u00e7\u00f5es nas estradas pernambucanas. As interven\u00e7\u00f5es come\u00e7aram \u00e0s 22h desta quinta-feira (23) e seguem at\u00e9 a quarta-feira de cinzas (1\u00ba), com o refor\u00e7o nas a\u00e7\u00f5es de fiscaliza\u00e7\u00e3o e desligamento de algumas lombadas eletr\u00f4nicas (VER ABAIXO), entre outras a\u00e7\u00f5es, principalmente nas vias que levam aos polos da folia e destinos mais procurados, como os litorais Norte e Sul, e Agreste do Estado.<\/div>\n<div class=\"MsoNormal\" style=\"background-color: white; line-height: 16.9pt; text-align: justify;\">\n<\/div>\n<div class=\"MsoNormal\" style=\"background-color: white; line-height: 14.65pt; text-align: justify;\">\nNeste feriad\u00e3o, as principais rodovias dever\u00e3o ter um aumento de at\u00e9 40% no fluxo de ve\u00edculos nos dias mais movimentados. Na PE-060, rodovia que leva ao Litoral Sul, a previs\u00e3o \u00e9 que este n\u00famero chegue a 40 mil ve\u00edculos, no trecho que corta o Cabo de Santo Agostinho. Na BR-232, com destino ao Agreste e Sert\u00e3o, a expectativa \u00e9 de 50 mil, no trecho localizado no Bairro do Curado, zona Oeste, na sa\u00edda da capital.<\/div>\n<div class=\"MsoNormal\" style=\"background-color: white; line-height: 14.65pt; text-align: justify;\">\n<\/div>\n<div class=\"MsoNormal\" style=\"background-color: white; line-height: 16.9pt; text-align: justify;\">\nA a\u00e7\u00e3o contar\u00e1 com cerca de 50 agentes do DER, que realizar\u00e3o abordagens e trabalhos de conscientiza\u00e7\u00e3o em pontos estrat\u00e9gicos das rodovias, com a participa\u00e7\u00e3o da Ouvidoria Itinerante da autarquia. As a\u00e7\u00f5es seguem at\u00e9 a quarta-feira de cinzas (1\u00ba\/3) \u2013 dia de grande movimenta\u00e7\u00e3o nas estradas, na volta do feriad\u00e3o. A inten\u00e7\u00e3o \u00e9 promover mais seguran\u00e7a tamb\u00e9m atrav\u00e9s de medidas preventivas contribuam para a redu\u00e7\u00e3o do n\u00famero de acidentes e condutas irregulares.&nbsp;<\/div>\n<div class=\"MsoNormal\" style=\"background-color: white; line-height: 16.9pt; text-align: justify;\">\n<\/div>\n<div class=\"MsoNormal\" style=\"background-color: white; line-height: 16.9pt; text-align: justify;\">\nA&nbsp;Opera\u00e7\u00e3o&nbsp;Carnaval&nbsp;acontece em conjunto com o Batalh\u00e3o de Pol\u00edcia Rodovi\u00e1ria (BPRv), com a integra\u00e7\u00e3o da Pol\u00edcia Rodovi\u00e1ria Federal (PRF), do Departamento de Tr\u00e2nsito de Pernambuco (Detran), do Batalh\u00e3o de Pol\u00edcia de Tr\u00e2nsito (BPTRAN), da&nbsp;Opera\u00e7\u00e3o&nbsp;Lei Seca e das autarquias de tr\u00e2nsito municipais da Regi\u00e3o Metropolitana do Recife \u2013 RMR.<\/div>\n<div class=\"MsoNormal\" style=\"background-color: white; line-height: 16.9pt; text-align: justify;\">\n<\/div>\n<div class=\"MsoNormal\" style=\"background-color: white; line-height: 16.9pt; text-align: justify;\">\n<\/div>\n<div class=\"MsoNormal\" style=\"background-color: white; line-height: 16.9pt; text-align: justify;\">\nDe acordo com o coordenador de Tr\u00e2nsito e Transporte do DER, Rommel Ferraz, nas &nbsp;abordagens ser\u00e3o fiscalizados os itens de seguran\u00e7a, documenta\u00e7\u00e3o e estado de conserva\u00e7\u00e3o do ve\u00edculo, habilita\u00e7\u00e3o do condutor, uso obrigat\u00f3rio do cinto de seguran\u00e7a tamb\u00e9m no banco de tr\u00e1s e do farol baixo aceso mesmo durante o dia, entre outros. \u201cEstaremos atentos para coibir as irregularidades, para que os motoristas respeitem as leis de tr\u00e2nsito e os limites de velocidade, e que eles evitem o consumo de bebida alco\u00f3lica antes de dirigir, para que tenhamos a redu\u00e7\u00e3o no n\u00famero de acidentes e de mortes no tr\u00e2nsito nas nossas rodovias\u201d, detalhou Ferraz.<\/p>\n<p><\/p>\n<div class=\"separator\" style=\"clear: both; text-align: center;\">\n<a href=\"https:\/\/1.bp.blogspot.com\/-vG1wmoxrHMo\/WLCoIq3hJ_I\/AAAAAAAAQhY\/L-2XJYN9dT8xrTG26sEQu5e2KNstCIFZQCLcB\/s1600\/lombadsas.jpg\" imageanchor=\"1\" style=\"margin-left: 1em; margin-right: 1em;\"><img loading=\"lazy\" decoding=\"async\" border=\"0\" height=\"225\" src=\"http:\/\/blogdoedvaldomagalhaes.com.br\/wp-content\/uploads\/2017\/02\/lombadsas.jpg\" width=\"400\" \/><\/a><\/div>\n<\/div>\n<div class=\"MsoNormal\" style=\"background-color: white; line-height: 16.9pt; text-align: justify;\">\n<\/div>\n<div class=\"MsoNormal\" style=\"background-color: white; line-height: 16.9pt; text-align: justify;\">\n<b>LOMBADAS ELETR\u00d4NICAS DESLIGADAS<\/b><\/div>\n<div class=\"MsoNormal\" style=\"background-color: white; line-height: 16.9pt; text-align: justify;\">\nPara minimizar os congestionamentos nos hor\u00e1rios de maior movimenta\u00e7\u00e3o durante o per\u00edodo de momo, algumas lombadas eletr\u00f4nicas localizadas nos trechos com maior fluxo de ve\u00edculos estar\u00e3o desligadas a partir das 22 horas desta quinta-feira (23), e somente ser\u00e3o religadas \u00e0s 5 horas da pr\u00f3xima quinta-feira (2\/3).<\/div>\n<div class=\"MsoNormal\" style=\"background-color: white; line-height: 16.9pt; text-align: justify;\">\nEquipamentos de fiscaliza\u00e7\u00e3o eletr\u00f4nica que estar\u00e3o desligados no per\u00edodo carnavalesco e os respectivos locais e rodovias:&nbsp;<\/div>\n<div class=\"MsoNormal\" style=\"background-color: white; line-height: 16.9pt; text-align: justify;\">\n<\/div>\n<div class=\"MsoNormal\" style=\"background-color: white; line-height: 16.9pt; text-align: justify;\">\nPE-027 \u2013 Aldeia, no km 0,7;<\/div>\n<div class=\"MsoNormal\" style=\"background-color: white; line-height: 16.9pt; text-align: justify;\">\nPE-035 \u2013 Itapissuma, nos km 7,3 e 7,9;<\/div>\n<div class=\"MsoNormal\" style=\"background-color: white; line-height: 16.9pt; text-align: justify;\">\nPE-060 \u2013 Ipojuca, no km 16,63, e<\/div>\n<div class=\"MsoNormal\" style=\"background-color: white; line-height: 16.9pt; text-align: justify;\">\nBR-232 \u2013 Curado, nos km 6,2; 6,3; 7,4; 7,8 e 9,2.<\/div>\n<div class=\"MsoNormal\" style=\"background-color: white; line-height: 16.9pt; text-align: justify;\">\n<\/div>\n<div class=\"MsoNormal\" style=\"background-color: white; line-height: 16.9pt; text-align: justify;\">\n<b>OUVIDORIA ITINERANTE<\/b><\/div>\n<div class=\"MsoNormal\" style=\"background-color: white; line-height: 16.9pt; text-align: justify;\">\nNas a\u00e7\u00f5es de fiscaliza\u00e7\u00e3o do DER, a Ouvidoria Itinerante do \u00f3rg\u00e3o estar\u00e1 presente com pontos m\u00f3veis nas rodovias estaduais, recebendo reclama\u00e7\u00f5es, den\u00fancias, sugest\u00f5es, elogios e distribuindo informativos contendo orienta\u00e7\u00f5es para os usu\u00e1rios de como proceder para fazer uma manifesta\u00e7\u00e3o, que poder\u00e1 ser realizada no local com a equipe de plant\u00e3o, utilizando os dados pessoais e um n\u00famero de contato para obter a resposta ou, se preferir, poder\u00e1 fazer sem se identificar.&nbsp;&nbsp;<\/div>\n<div class=\"MsoNormal\" style=\"background-color: white; line-height: 16.9pt; text-align: justify;\">\n<\/div>\n<div class=\"MsoNormal\" style=\"background-color: white; line-height: 16.9pt; text-align: justify;\">\nAs manifesta\u00e7\u00f5es sobre assuntos relacionados ao carnaval ser\u00e3o respondidas em tempo h\u00e1bil. Tamb\u00e9m poder\u00e3o ser feitas atrav\u00e9s do e-mail:<a href=\"https:\/\/www.blogger.com\/null\">ouvidoria@der.pe.gov.br<\/a>&nbsp;\u2013 no site do DER, no link da Ouvidoria, no hor\u00e1rio de expediente, atrav\u00e9s dos fones: 3181.4217 \u2013 3181.4334 e 3181.4378, ou pelo n\u00famero 162, da Ouvidoria Geral do Estado.<\/div>\n<div class=\"MsoNormal\" style=\"background-color: white; margin-bottom: 12pt; text-align: justify;\">\n<\/div>\n<div class=\"MsoNormal\" style=\"background-color: white; margin-bottom: 18pt; text-align: justify;\">\n\u200bAssessoria de Comunica\u00e7\u00e3o do DER-PE<\/p>\n<div class=\"separator\" style=\"clear: both; text-align: center;\">\n<a href=\"http:\/\/blogdoedvaldomagalhaes.com.br\/wp-content\/uploads\/2017\/02\/7-SINTRACON-15.jpg\" imageanchor=\"1\" style=\"clear: left; float: left; margin-bottom: 1em; margin-right: 1em;\"><img decoding=\"async\" border=\"0\" src=\"http:\/\/blogdoedvaldomagalhaes.com.br\/wp-content\/uploads\/2017\/02\/7-SINTRACON-15.jpg\" \/><\/a><\/div>\n<p><\/div>\n","protected":false},"excerpt":{"rendered":"<p>OPERA\u00c7\u00c3O&nbsp;CARNAVAL&nbsp;\u2013 O Departamento de Estradas de Rodagem (DER), \u00f3rg\u00e3o vinculado \u00e0 Secretaria de Estadual de Transportes, intensificou as a\u00e7\u00f5es nas&hellip;<\/p>\n","protected":false},"author":1,"featured_media":0,"comment_status":"open","ping_status":"open","sticky":false,"template":"","format":"standard","meta":{"footnotes":""},"categories":[1],"tags":[992,9047,6,9048,9049],"class_list":["post-6661","post","type-post","status-publish","format-standard","hentry","category-sem-categoria","tag-blog-do-edvaldo-do-magalhaes","tag-lombadas-eletronicas","tag-noticias","tag-ouvidoria-itinerante","tag-saiba-tudo-sobre-a-operacao-carnaval-nas-estradas-de-pernambuco"],"_links":{"self":[{"href":"https:\/\/blogdoedvaldomagalhaes.com.br\/index.php\/wp-json\/wp\/v2\/posts\/6661","targetHints":{"allow":["GET"]}}],"collection":[{"href":"https:\/\/blogdoedvaldomagalhaes.com.br\/index.php\/wp-json\/wp\/v2\/posts"}],"about":[{"href":"https:\/\/blogdoedvaldomagalhaes.com.br\/index.php\/wp-json\/wp\/v2\/types\/post"}],"author":[{"embeddable":true,"href":"https:\/\/blogdoedvaldomagalhaes.com.br\/index.php\/wp-json\/wp\/v2\/users\/1"}],"replies":[{"embeddable":true,"href":"https:\/\/blogdoedvaldomagalhaes.com.br\/index.php\/wp-json\/wp\/v2\/comments?post=6661"}],"version-history":[{"count":1,"href":"https:\/\/blogdoedvaldomagalhaes.com.br\/index.php\/wp-json\/wp\/v2\/posts\/6661\/revisions"}],"predecessor-version":[{"id":17273,"href":"https:\/\/blogdoedvaldomagalhaes.com.br\/index.php\/wp-json\/wp\/v2\/posts\/6661\/revisions\/17273"}],"wp:attachment":[{"href":"https:\/\/blogdoedvaldomagalhaes.com.br\/index.php\/wp-json\/wp\/v2\/media?parent=6661"}],"wp:term":[{"taxonomy":"category","embeddable":true,"href":"https:\/\/blogdoedvaldomagalhaes.com.br\/index.php\/wp-json\/wp\/v2\/categories?post=6661"},{"taxonomy":"post_tag","embeddable":true,"href":"https:\/\/blogdoedvaldomagalhaes.com.br\/index.php\/wp-json\/wp\/v2\/tags?post=6661"}],"curies":[{"name":"wp","href":"https:\/\/api.w.org\/{rel}","templated":true}]}}