{"id":66601,"date":"2021-02-02T20:21:00","date_gmt":"2021-02-02T23:21:00","guid":{"rendered":"https:\/\/blogdoedvaldomagalhaes.com.br\/?p=66601"},"modified":"2021-02-02T20:21:02","modified_gmt":"2021-02-02T23:21:02","slug":"anderson-correia-comemora-ampliacao-do-horario-da-ame-animal-vitoria-da-causa-animal-que-vinhamos-requerendo-ha-anos","status":"publish","type":"post","link":"https:\/\/blogdoedvaldomagalhaes.com.br\/index.php\/2021\/02\/02\/anderson-correia-comemora-ampliacao-do-horario-da-ame-animal-vitoria-da-causa-animal-que-vinhamos-requerendo-ha-anos\/","title":{"rendered":"Anderson Correia comemora amplia\u00e7\u00e3o do hor\u00e1rio da AME Animal: \u201cVit\u00f3ria da causa animal que v\u00ednhamos requerendo h\u00e1 anos"},"content":{"rendered":"<p style=\"text-align: justify;\"><span style=\"font-size: inherit;\">O vereador Anderson Correia (PP) recebeu a not\u00edcia da amplia\u00e7\u00e3o do hor\u00e1rio da AME Animal, nesta ter\u00e7a-feira (2), com muita alegria e sentimento de dever cumprido, por pleitear essa conquista h\u00e1 anos, muito antes de se tornar representante da causa animal na c\u00e2mara municipal.<\/span><\/p>\n<p style=\"text-align: justify;\">\u201cEssa \u00e9 uma vit\u00f3ria da causa animal, que v\u00ednhamos requerendo h\u00e1 anos junto ao poder executivo. Estou muito feliz, pois essa medida ajudar\u00e1 muito nos atendimentos aos nossos animais, que antes tinham um hor\u00e1rio limitado para atendimentos. Nossos agradecimentos ao secret\u00e1rio Ytalo Farias, a Priscila da AME, e a prefeita Raquel Lyra, pela sensibilidade\u201d, disse o edil.<\/p>\n<p style=\"text-align: justify;\">Vale lembrar que este atendimento ampliado da AME Animal \u00e9 para urg\u00eancia e emerg\u00eancia, conforme anunciou o \u00f3rg\u00e3o municipal. Foi lan\u00e7ado um contato de WhatsApp para esses procedimentos, que \u00e9 o 98384-5647, com atendimento dispon\u00edvel das 14h \u00e0s 20h, de segunda a sexta-feira, e das 9h \u00e0s 18h, nos s\u00e1bados e domingos.<\/p>\n<p style=\"text-align: justify;\">Para o atendimento normal, a AME segue com os mesmos contatos: 3724-0333 e 98384-5915 (liga\u00e7\u00f5es e WhatsApp), com atendimento presencial no endere\u00e7o Rua Professor Heleno Vieira Torres, bairro Indian\u00f3polis.<\/p>\n\n\n<p><\/p>\n","protected":false},"excerpt":{"rendered":"<p>O vereador Anderson Correia (PP) recebeu a not\u00edcia da amplia\u00e7\u00e3o do hor\u00e1rio da AME Animal, nesta ter\u00e7a-feira (2), com muita&hellip;<\/p>\n","protected":false},"author":1,"featured_media":66602,"comment_status":"open","ping_status":"open","sticky":false,"template":"","format":"standard","meta":{"footnotes":""},"categories":[14122],"tags":[20775,2,19418],"class_list":["post-66601","post","type-post","status-publish","format-standard","has-post-thumbnail","hentry","category-politica","tag-anderson-correia-comemora-ampliacao-do-horario-da-ame-animal-vitoria-da-causa-animal-que-vinhamos-requerendo-ha-anos","tag-blog-do-edvaldo-magalhaes","tag-blog-mais-acessado-de-caruaru-e-regiao"],"_links":{"self":[{"href":"https:\/\/blogdoedvaldomagalhaes.com.br\/index.php\/wp-json\/wp\/v2\/posts\/66601","targetHints":{"allow":["GET"]}}],"collection":[{"href":"https:\/\/blogdoedvaldomagalhaes.com.br\/index.php\/wp-json\/wp\/v2\/posts"}],"about":[{"href":"https:\/\/blogdoedvaldomagalhaes.com.br\/index.php\/wp-json\/wp\/v2\/types\/post"}],"author":[{"embeddable":true,"href":"https:\/\/blogdoedvaldomagalhaes.com.br\/index.php\/wp-json\/wp\/v2\/users\/1"}],"replies":[{"embeddable":true,"href":"https:\/\/blogdoedvaldomagalhaes.com.br\/index.php\/wp-json\/wp\/v2\/comments?post=66601"}],"version-history":[{"count":1,"href":"https:\/\/blogdoedvaldomagalhaes.com.br\/index.php\/wp-json\/wp\/v2\/posts\/66601\/revisions"}],"predecessor-version":[{"id":66603,"href":"https:\/\/blogdoedvaldomagalhaes.com.br\/index.php\/wp-json\/wp\/v2\/posts\/66601\/revisions\/66603"}],"wp:featuredmedia":[{"embeddable":true,"href":"https:\/\/blogdoedvaldomagalhaes.com.br\/index.php\/wp-json\/wp\/v2\/media\/66602"}],"wp:attachment":[{"href":"https:\/\/blogdoedvaldomagalhaes.com.br\/index.php\/wp-json\/wp\/v2\/media?parent=66601"}],"wp:term":[{"taxonomy":"category","embeddable":true,"href":"https:\/\/blogdoedvaldomagalhaes.com.br\/index.php\/wp-json\/wp\/v2\/categories?post=66601"},{"taxonomy":"post_tag","embeddable":true,"href":"https:\/\/blogdoedvaldomagalhaes.com.br\/index.php\/wp-json\/wp\/v2\/tags?post=66601"}],"curies":[{"name":"wp","href":"https:\/\/api.w.org\/{rel}","templated":true}]}}